{"id":12439,"date":"2022-01-21T15:20:02","date_gmt":"2022-01-21T13:20:02","guid":{"rendered":"https:\/\/www.rentila.de\/blog\/?p=12439"},"modified":"2022-01-31T21:01:19","modified_gmt":"2022-01-31T19:01:19","slug":"altersgerechtes-wohnen","status":"publish","type":"post","link":"https:\/\/www.rentila.de\/blog\/altersgerechtes-wohnen\/","title":{"rendered":"Altersgerechtes Wohnen"},"content":{"rendered":"<div><img decoding=\"async\" class=\"alignleft size-full wp-image-516\" title=\"newspaper\" src=\"https:\/\/www.rentila.de\/assets\/img\/blog\/blog_advice_3.png\" alt=\"Altersgerechtes Wohnen\" \/><\/div>\n<div class=\"sommaire\">\n<div class=\"phase-content__flag phase-1\">\u00dcberblick<\/div>\n<ol>\n<li><a href=\"https:\/\/www.rentila.de\/blog\/altersgerechtes-wohnen\/#1\">Welche Bed\u00fcrfnisse ergeben sich im Alter?<\/a><\/li>\n<li><a href=\"https:\/\/www.rentila.de\/blog\/altersgerechtes-wohnen\/#2\">Ist altersgerechtes Wohnen eine gute Investition?<\/a><\/li>\n<li><a href=\"https:\/\/www.rentila.de\/blog\/altersgerechtes-wohnen\/#3\">Und wenn ich Vermieten m\u00f6chte?<\/a><\/li>\n<li><a href=\"https:\/\/www.rentila.de\/blog\/altersgerechtes-wohnen\/#4\">Zusammenfassung<\/a><\/li>\n<\/ol>\n<\/div>\n<p class=\"lead\">Die Bev\u00f6lkerung wird immer \u00e4lter, die Baby-Boomer-Generation geht in Rente und ben\u00f6tigt jetzt altersgerechtes Wohnen. Das Treppensteigen f\u00e4llt schwerer, der Rand der Badewanne wird zu hoch und es wird immer einsamer mit den Jahren. Hier gibt es also f\u00fcr Investoren gro\u00dfe und auch finanzstarke Zielgruppe, die mit passendem Wohnraum versorgt werden muss.<\/p>\n<p class=\"lead\">Es lohnt sich also dieses Segment des Immobilienmarktes etwas genauer in den Blick zu nehmen. Aber auch f\u00fcr Vermietung mit anschlie\u00dfender Eigennutzung kann dies sehr interessant sein. Hier finden Sie eine Einf\u00fchrung in das Thema.<\/p>\n<p><!--more--><\/p>\n<h2 id=\"1\">Welche Bed\u00fcrfnisse ergeben sich im Alter?<\/h2>\n<p>Der Begriff Altenheim oder auch betreutes Wohnen ist f\u00fcr viele sehr abschreckend. Schlie\u00dflich m\u00f6chte man das letzte Kapitel seines Lebens lieber nicht unn\u00f6tig ansprechen. Die Natur des Menschen sorgt aber daf\u00fcr, dass sich die Bed\u00fcrfnisse an den Wohnraum, den Wohnort und die unmittelbare Umgebung.<\/p>\n<p>Treppen werden zu un\u00fcberwindbaren Hindernissen, das Augenlicht l\u00e4sst nach und der eigene Aktionsradius wird immer kleiner und kleiner. Dann macht es Sinn, an einen Ort zu ziehen, der an diese neuen Bed\u00fcrfnisse angepasst ist. Dann wird auch Kapital frei, dass man zum Bestreiten des Lebensabends gut gebrauchen kann.<\/p>\n<p>Man darf auch nicht untersch\u00e4tzen, wie wichtig eine positive und unterst\u00fctzende Umgebung f\u00fcr die seelische Gesundheit im Alter ist. Vor allem, wenn man alles Notwendige in der n\u00e4chsten Umgebung noch selbst\u00e4ndig erreichen kann, damit man noch gesellig einen Kaffee trinken, Essen und auch Einkaufen gehen kann.<\/p>\n<p>Und genau in diesem Bereich gibt es nun gute M\u00f6glichkeiten.<\/p>\n<h2 id=\"2\">Ist altersgerechtes Wohnen eine gute Investition?<\/h2>\n<p>Wenn man Ersparnisse und Immobilien besitzt, dann muss man sich auch irgendwann damit besch\u00e4ftigen, wie man sein Verm\u00f6gen f\u00fcr die Erben strukturiert. Durch die <a href=\"https:\/\/service.destatis.de\/bevoelkerungspyramide\/index.html\">Gr\u00f6\u00dfe der Baby-Boomer-Generation<\/a> werden auf absehbare Zeit sehr viele Immobilien vererbt und verkauft werden. Man muss bef\u00fcrchten, dass durch dieses gro\u00dfe Angebot die Preise auch wieder fallen k\u00f6nnen, da es zu wenige Kinder f\u00fcr die vielen Immobilien gibt.<\/p>\n<p>Es macht also Sinn, sein Verm\u00f6gen so aufzustellen, dass es die Erben m\u00f6glichst gut nutzen bzw. teuer verkaufen k\u00f6nnen. Hinzu kommt, dass man im Alter auch nicht mehr die gro\u00dfe Wohnung oder das gro\u00dfe Haus mit Garten ben\u00f6tigt und auch die Reinigung und Pflege nicht mehr selbst \u00fcbernehmen kann.<\/p>\n<p>Hier kann es Sinn machen auf eine kleine, altengerechte Wohnung umzusatteln, die dann auch sp\u00e4ter sehr gut von den Erben verkauft werden kann. Denn: Aufgrund der steigenden Nachfrage kann man davon ausgehen, dass ein altersgerechtes Wohnen eine gute Investition ist.<\/p>\n<h2 id=\"3\">Und wenn ich vermieten m\u00f6chte?<\/h2>\n<p>Auch wenn man die Wohnung nicht selbst nutzen m\u00f6chte, gelten nat\u00fcrlich die gleichen \u00dcberlegungen auch f\u00fcr den Kauf von altersgerechten Immobilien und die <a href=\"https:\/\/www.rentila.de\/blog\/eigenschaften-erfolgreicher-vermieter\/\">Vermietung an Dritte<\/a>. Die steigende Nachfrage ist durch die alternde Bev\u00f6lkerung absehbar.<\/p>\n<p>Hinzu kommt, dass\u00a0 \u00e4ltere Mieter oft auch angenehmere Mieter sind. Die Rentenzahlung kommt zuverl\u00e4ssig und planbar. Sie m\u00f6chten nicht mehr umziehen, sondern so lange wie m\u00f6glich bleiben. Und auch die Abnutzung h\u00e4lt sich in Grenzen.<\/p>\n<p>Hier gibt es auch viele Bautr\u00e4ger, die sich auf diesen Bereich spezialisiert haben und interessante Angebot haben. <a href=\"https:\/\/www.iby-invest.de\/?gclid=Cj0KCQiArt6PBhCoARIsAMF5wagCt7gQvhuWISW_HbUxnJLuben4_0VEwnhjI9rKvctsTCBYYPlw_VsaAhkwEALw_wcB\">Hier lohnt sich ein Blick in das gro\u00dfe Angebot.<\/a><\/p>\n<p>Eine weitere M\u00f6glichkeit ist der Kauf und die Vermietung, die dann beizeiten in die Eigennutzung m\u00fcndet. Hier kann man sich also schon absichern, wenn man die entsprechenden Finanzmittel verf\u00fcgt und kann in der Zwischenzeit Einnahmen durch die Vermietung generieren.<\/p>\n<h2 id=\"4\">Zusammenfassung: Altersgerechtes Wohnen<\/h2>\n<p>In dieser kleinen Einf\u00fchrung in altersgerechtes Wohnen haben auf folgende Punkte aufmerksam gemacht.<\/p>\n<p>Im Alter \u00e4ndern sich die Bed\u00fcrfnisse. Das Traumhaus mit Garten wird langsam zur \u00dcberforderung und zu Last. Der eigene Bewegungsradius wird kleiner und man m\u00f6chte alles in der N\u00e4he haben, was man zum Leben braucht.<\/p>\n<p>Durch die Struktur der Alterspyramide l\u00e4sst sich eine steigende Nachfrage nach altersgerechtem Wohnraum vorhersagen. Dies ist also auch f\u00fcr die Erben eine gute Anlage.<\/p>\n<p>Und Vermietung bietet sich zus\u00e4tzlich zur Eigennutzung auch an.<\/p>\n<p>Es lohnt sich also auf jeden Fall, hier sich weiter zu informieren und tiefer einzusteigen.<\/p>\n","protected":false},"excerpt":{"rendered":"<p>\u00dcberblick Welche Bed\u00fcrfnisse ergeben sich im Alter? Ist altersgerechtes Wohnen eine gute Investition? Und wenn ich Vermieten m\u00f6chte? Zusammenfassung Die Bev\u00f6lkerung wird immer \u00e4lter, die Baby-Boomer-Generation geht in Rente und ben\u00f6tigt jetzt altersgerechtes Wohnen. Das Treppensteigen f\u00e4llt schwerer, der Rand der Badewanne wird zu hoch und es wird immer einsamer mit den Jahren. Hier gibt [&hellip;]<\/p>\n","protected":false},"author":1,"featured_media":0,"comment_status":"closed","ping_status":"closed","sticky":false,"template":"","format":"standard","meta":{"footnotes":""},"categories":[123,172],"tags":[345,341,343],"class_list":["post-12439","post","type-post","status-publish","format-standard","hentry","category-advise","category-basics","tag-altengerechtes-wohnen","tag-altersgerechtes-wohnen","tag-rentner"],"yoast_head":"<!-- This site is optimized with the Yoast SEO plugin v27.4 - https:\/\/yoast.com\/product\/yoast-seo-wordpress\/ -->\n<title>Altersgerechtes Wohnen - Rentila<\/title>\n<meta name=\"description\" content=\"Altersgerechtes Wohnen - Rentila - Eigentumsmanagement-Blog f\u00fcr Vermieter\" \/>\n<meta name=\"robots\" content=\"index, follow, max-snippet:-1, max-image-preview:large, max-video-preview:-1\" \/>\n<link rel=\"canonical\" href=\"https:\/\/www.rentila.de\/blog\/altersgerechtes-wohnen\/\" \/>\n<meta property=\"og:locale\" content=\"de_DE\" \/>\n<meta property=\"og:type\" content=\"article\" \/>\n<meta property=\"og:title\" content=\"Altersgerechtes Wohnen - Rentila\" \/>\n<meta property=\"og:description\" content=\"Altersgerechtes Wohnen - Rentila - Eigentumsmanagement-Blog f\u00fcr Vermieter\" \/>\n<meta property=\"og:url\" content=\"https:\/\/www.rentila.de\/blog\/altersgerechtes-wohnen\/\" \/>\n<meta property=\"og:site_name\" content=\"Rentila - Eigentumsmanagement-Blog f\u00fcr Vermieter\" \/>\n<meta property=\"article:published_time\" content=\"2022-01-21T13:20:02+00:00\" \/>\n<meta property=\"article:modified_time\" content=\"2022-01-31T19:01:19+00:00\" \/>\n<meta property=\"og:image\" content=\"https:\/\/www.rentila.co.uk\/assets\/img\/blog\/conseil_1400.png\" \/>\n<meta name=\"author\" content=\"Rentila\" \/>\n<meta name=\"twitter:card\" content=\"summary_large_image\" \/>\n<meta name=\"twitter:label1\" content=\"Verfasst von\" \/>\n\t<meta name=\"twitter:data1\" content=\"Rentila\" \/>\n\t<meta name=\"twitter:label2\" content=\"Gesch\u00e4tzte Lesezeit\" \/>\n\t<meta name=\"twitter:data2\" content=\"6\u00a0Minuten\" \/>\n<script type=\"application\/ld+json\" class=\"yoast-schema-graph\">{\"@context\":\"https:\\\/\\\/schema.org\",\"@graph\":[{\"@type\":\"Article\",\"@id\":\"https:\\\/\\\/www.rentila.de\\\/blog\\\/altersgerechtes-wohnen\\\/#article\",\"isPartOf\":{\"@id\":\"https:\\\/\\\/www.rentila.de\\\/blog\\\/altersgerechtes-wohnen\\\/\"},\"author\":{\"name\":\"Rentila\",\"@id\":\"https:\\\/\\\/www.rentila.de\\\/blog\\\/#\\\/schema\\\/person\\\/cd3ee2693c194df93db408ccc6b1a838\"},\"headline\":\"Altersgerechtes Wohnen\",\"datePublished\":\"2022-01-21T13:20:02+00:00\",\"dateModified\":\"2022-01-31T19:01:19+00:00\",\"mainEntityOfPage\":{\"@id\":\"https:\\\/\\\/www.rentila.de\\\/blog\\\/altersgerechtes-wohnen\\\/\"},\"wordCount\":720,\"image\":{\"@id\":\"https:\\\/\\\/www.rentila.de\\\/blog\\\/altersgerechtes-wohnen\\\/#primaryimage\"},\"thumbnailUrl\":\"https:\\\/\\\/www.rentila.de\\\/assets\\\/img\\\/blog\\\/blog_advice_3.png\",\"keywords\":[\"altengerechtes wohnen\",\"altersgerechtes wohnen\",\"rentner\"],\"articleSection\":[\"Beratung\",\"Grundlagen\"],\"inLanguage\":\"de\"},{\"@type\":\"WebPage\",\"@id\":\"https:\\\/\\\/www.rentila.de\\\/blog\\\/altersgerechtes-wohnen\\\/\",\"url\":\"https:\\\/\\\/www.rentila.de\\\/blog\\\/altersgerechtes-wohnen\\\/\",\"name\":\"Altersgerechtes Wohnen - Rentila\",\"isPartOf\":{\"@id\":\"https:\\\/\\\/www.rentila.de\\\/blog\\\/#website\"},\"primaryImageOfPage\":{\"@id\":\"https:\\\/\\\/www.rentila.de\\\/blog\\\/altersgerechtes-wohnen\\\/#primaryimage\"},\"image\":{\"@id\":\"https:\\\/\\\/www.rentila.de\\\/blog\\\/altersgerechtes-wohnen\\\/#primaryimage\"},\"thumbnailUrl\":\"https:\\\/\\\/www.rentila.de\\\/assets\\\/img\\\/blog\\\/blog_advice_3.png\",\"datePublished\":\"2022-01-21T13:20:02+00:00\",\"dateModified\":\"2022-01-31T19:01:19+00:00\",\"author\":{\"@id\":\"https:\\\/\\\/www.rentila.de\\\/blog\\\/#\\\/schema\\\/person\\\/cd3ee2693c194df93db408ccc6b1a838\"},\"description\":\"Altersgerechtes Wohnen - Rentila - Eigentumsmanagement-Blog f\u00fcr Vermieter\",\"breadcrumb\":{\"@id\":\"https:\\\/\\\/www.rentila.de\\\/blog\\\/altersgerechtes-wohnen\\\/#breadcrumb\"},\"inLanguage\":\"de\",\"potentialAction\":[{\"@type\":\"ReadAction\",\"target\":[\"https:\\\/\\\/www.rentila.de\\\/blog\\\/altersgerechtes-wohnen\\\/\"]}]},{\"@type\":\"ImageObject\",\"inLanguage\":\"de\",\"@id\":\"https:\\\/\\\/www.rentila.de\\\/blog\\\/altersgerechtes-wohnen\\\/#primaryimage\",\"url\":\"https:\\\/\\\/www.rentila.de\\\/assets\\\/img\\\/blog\\\/blog_advice_3.png\",\"contentUrl\":\"https:\\\/\\\/www.rentila.de\\\/assets\\\/img\\\/blog\\\/blog_advice_3.png\"},{\"@type\":\"BreadcrumbList\",\"@id\":\"https:\\\/\\\/www.rentila.de\\\/blog\\\/altersgerechtes-wohnen\\\/#breadcrumb\",\"itemListElement\":[{\"@type\":\"ListItem\",\"position\":1,\"name\":\"Accueil\",\"item\":\"https:\\\/\\\/www.rentila.de\\\/blog\\\/\"},{\"@type\":\"ListItem\",\"position\":2,\"name\":\"Altersgerechtes Wohnen\"}]},{\"@type\":\"WebSite\",\"@id\":\"https:\\\/\\\/www.rentila.de\\\/blog\\\/#website\",\"url\":\"https:\\\/\\\/www.rentila.de\\\/blog\\\/\",\"name\":\"Rentila - Eigentumsmanagement-Blog f\u00fcr Vermieter\",\"description\":\"\",\"potentialAction\":[{\"@type\":\"SearchAction\",\"target\":{\"@type\":\"EntryPoint\",\"urlTemplate\":\"https:\\\/\\\/www.rentila.de\\\/blog\\\/?s={search_term_string}\"},\"query-input\":{\"@type\":\"PropertyValueSpecification\",\"valueRequired\":true,\"valueName\":\"search_term_string\"}}],\"inLanguage\":\"de\"},{\"@type\":\"Person\",\"@id\":\"https:\\\/\\\/www.rentila.de\\\/blog\\\/#\\\/schema\\\/person\\\/cd3ee2693c194df93db408ccc6b1a838\",\"name\":\"Rentila\",\"url\":\"https:\\\/\\\/www.rentila.de\\\/blog\\\/author\\\/admin\\\/\"}]}<\/script>\n<!-- \/ Yoast SEO plugin. -->","yoast_head_json":{"title":"Altersgerechtes Wohnen - Rentila","description":"Altersgerechtes Wohnen - Rentila - Eigentumsmanagement-Blog f\u00fcr Vermieter","robots":{"index":"index","follow":"follow","max-snippet":"max-snippet:-1","max-image-preview":"max-image-preview:large","max-video-preview":"max-video-preview:-1"},"canonical":"https:\/\/www.rentila.de\/blog\/altersgerechtes-wohnen\/","og_locale":"de_DE","og_type":"article","og_title":"Altersgerechtes Wohnen - Rentila","og_description":"Altersgerechtes Wohnen - Rentila - Eigentumsmanagement-Blog f\u00fcr Vermieter","og_url":"https:\/\/www.rentila.de\/blog\/altersgerechtes-wohnen\/","og_site_name":"Rentila - Eigentumsmanagement-Blog f\u00fcr Vermieter","article_published_time":"2022-01-21T13:20:02+00:00","article_modified_time":"2022-01-31T19:01:19+00:00","og_image":[{"url":"https:\/\/www.rentila.co.uk\/assets\/img\/blog\/conseil_1400.png","type":"","width":"","height":""}],"author":"Rentila","twitter_card":"summary_large_image","twitter_misc":{"Verfasst von":"Rentila","Gesch\u00e4tzte Lesezeit":"6\u00a0Minuten"},"schema":{"@context":"https:\/\/schema.org","@graph":[{"@type":"Article","@id":"https:\/\/www.rentila.de\/blog\/altersgerechtes-wohnen\/#article","isPartOf":{"@id":"https:\/\/www.rentila.de\/blog\/altersgerechtes-wohnen\/"},"author":{"name":"Rentila","@id":"https:\/\/www.rentila.de\/blog\/#\/schema\/person\/cd3ee2693c194df93db408ccc6b1a838"},"headline":"Altersgerechtes Wohnen","datePublished":"2022-01-21T13:20:02+00:00","dateModified":"2022-01-31T19:01:19+00:00","mainEntityOfPage":{"@id":"https:\/\/www.rentila.de\/blog\/altersgerechtes-wohnen\/"},"wordCount":720,"image":{"@id":"https:\/\/www.rentila.de\/blog\/altersgerechtes-wohnen\/#primaryimage"},"thumbnailUrl":"https:\/\/www.rentila.de\/assets\/img\/blog\/blog_advice_3.png","keywords":["altengerechtes wohnen","altersgerechtes wohnen","rentner"],"articleSection":["Beratung","Grundlagen"],"inLanguage":"de"},{"@type":"WebPage","@id":"https:\/\/www.rentila.de\/blog\/altersgerechtes-wohnen\/","url":"https:\/\/www.rentila.de\/blog\/altersgerechtes-wohnen\/","name":"Altersgerechtes Wohnen - Rentila","isPartOf":{"@id":"https:\/\/www.rentila.de\/blog\/#website"},"primaryImageOfPage":{"@id":"https:\/\/www.rentila.de\/blog\/altersgerechtes-wohnen\/#primaryimage"},"image":{"@id":"https:\/\/www.rentila.de\/blog\/altersgerechtes-wohnen\/#primaryimage"},"thumbnailUrl":"https:\/\/www.rentila.de\/assets\/img\/blog\/blog_advice_3.png","datePublished":"2022-01-21T13:20:02+00:00","dateModified":"2022-01-31T19:01:19+00:00","author":{"@id":"https:\/\/www.rentila.de\/blog\/#\/schema\/person\/cd3ee2693c194df93db408ccc6b1a838"},"description":"Altersgerechtes Wohnen - Rentila - Eigentumsmanagement-Blog f\u00fcr Vermieter","breadcrumb":{"@id":"https:\/\/www.rentila.de\/blog\/altersgerechtes-wohnen\/#breadcrumb"},"inLanguage":"de","potentialAction":[{"@type":"ReadAction","target":["https:\/\/www.rentila.de\/blog\/altersgerechtes-wohnen\/"]}]},{"@type":"ImageObject","inLanguage":"de","@id":"https:\/\/www.rentila.de\/blog\/altersgerechtes-wohnen\/#primaryimage","url":"https:\/\/www.rentila.de\/assets\/img\/blog\/blog_advice_3.png","contentUrl":"https:\/\/www.rentila.de\/assets\/img\/blog\/blog_advice_3.png"},{"@type":"BreadcrumbList","@id":"https:\/\/www.rentila.de\/blog\/altersgerechtes-wohnen\/#breadcrumb","itemListElement":[{"@type":"ListItem","position":1,"name":"Accueil","item":"https:\/\/www.rentila.de\/blog\/"},{"@type":"ListItem","position":2,"name":"Altersgerechtes Wohnen"}]},{"@type":"WebSite","@id":"https:\/\/www.rentila.de\/blog\/#website","url":"https:\/\/www.rentila.de\/blog\/","name":"Rentila - Eigentumsmanagement-Blog f\u00fcr Vermieter","description":"","potentialAction":[{"@type":"SearchAction","target":{"@type":"EntryPoint","urlTemplate":"https:\/\/www.rentila.de\/blog\/?s={search_term_string}"},"query-input":{"@type":"PropertyValueSpecification","valueRequired":true,"valueName":"search_term_string"}}],"inLanguage":"de"},{"@type":"Person","@id":"https:\/\/www.rentila.de\/blog\/#\/schema\/person\/cd3ee2693c194df93db408ccc6b1a838","name":"Rentila","url":"https:\/\/www.rentila.de\/blog\/author\/admin\/"}]}},"_links":{"self":[{"href":"https:\/\/www.rentila.de\/blog\/wp-json\/wp\/v2\/posts\/12439","targetHints":{"allow":["GET"]}}],"collection":[{"href":"https:\/\/www.rentila.de\/blog\/wp-json\/wp\/v2\/posts"}],"about":[{"href":"https:\/\/www.rentila.de\/blog\/wp-json\/wp\/v2\/types\/post"}],"author":[{"embeddable":true,"href":"https:\/\/www.rentila.de\/blog\/wp-json\/wp\/v2\/users\/1"}],"replies":[{"embeddable":true,"href":"https:\/\/www.rentila.de\/blog\/wp-json\/wp\/v2\/comments?post=12439"}],"version-history":[{"count":25,"href":"https:\/\/www.rentila.de\/blog\/wp-json\/wp\/v2\/posts\/12439\/revisions"}],"predecessor-version":[{"id":12499,"href":"https:\/\/www.rentila.de\/blog\/wp-json\/wp\/v2\/posts\/12439\/revisions\/12499"}],"wp:attachment":[{"href":"https:\/\/www.rentila.de\/blog\/wp-json\/wp\/v2\/media?parent=12439"}],"wp:term":[{"taxonomy":"category","embeddable":true,"href":"https:\/\/www.rentila.de\/blog\/wp-json\/wp\/v2\/categories?post=12439"},{"taxonomy":"post_tag","embeddable":true,"href":"https:\/\/www.rentila.de\/blog\/wp-json\/wp\/v2\/tags?post=12439"}],"curies":[{"name":"wp","href":"https:\/\/api.w.org\/{rel}","templated":true}]}}