{"id":18869,"date":"2025-01-21T12:12:38","date_gmt":"2025-01-21T10:12:38","guid":{"rendered":"https:\/\/www.rentila.de\/blog\/?p=18869"},"modified":"2025-11-12T21:51:40","modified_gmt":"2025-11-12T19:51:40","slug":"immobiliennachrichten-januar-2025","status":"publish","type":"post","link":"https:\/\/www.rentila.de\/blog\/immobiliennachrichten-januar-2025\/","title":{"rendered":"Immobiliennachrichten &#8211; Januar 2025"},"content":{"rendered":"<div><img decoding=\"async\" class=\"alignleft size-full wp-image-516\" title=\"newspaper\" src=\"https:\/\/www.rentila.de\/assets\/img\/blog\/blog_news.png\" alt=\"Immobiliennachrichten\" width=\"100%\" height=\"\"\/><\/div>\n<p class=\"lead\">Wie jeden Monat bietet Ihnen Rentila einen \u00dcberblick \u00fcber die Immobilienpresse. Auf dem Programm f\u00fcr Januar stehen: Marktbeobachtungen, Steuerthemen und Aktuelles zur Krise.<\/p>\n<p><!--more--><\/p>\n<div class=\"phase-content__flag phase-1\">Mietrecht<\/div>\n<p><!--section--><\/p>\n<h5 class=\"article-main-headline\">BGH segnet Berliner Mietpreisbremse ab<\/h5>\n<p>Die Berliner Mietpreisbremse ist rechtm\u00e4\u00dfig und verst\u00f6\u00dft nicht gegen die Eigentumsgarantie des Grundgesetzes, so der BGH. Die Begrenzung der Mieth\u00f6he bei Neuvermietungen ist eine zul\u00e4ssige Regelung zum Schutz von Mietern.<br \/>\n<a href=\"https:\/\/www.haufe.de\/immobilien\/verwaltung\/bgh-segnet-berliner-mietpreisbremse-ab_258_639310.html\" target=\"_blank\" rel=\"nofollow noopener noreferrer\">Mehr dazu erfahren <span class=\"meta-nav\">\u2192<\/span><\/a><\/p>\n<hr \/>\n<h5 class=\"article-main-headline\">K\u00fcndigungsverzicht im Mietvertrag \u2013 Das m\u00fcssen Sie wissen!<\/h5>\n<p>Ein wechselseitiger K\u00fcndigungsverzicht in einem Mietvertrag bedeutet, dass sowohl Mieter als auch Vermieter f\u00fcr eine bestimmte Zeit auf ihr K\u00fcndigungsrecht verzichten. Dies kann eine feste Mindestmietdauer schaffen, ohne auf eine einfache Befristung zur\u00fcckzugreifen, die im Wohnraummietrecht (\u00a7 575 Abs. 4 BGB) nur in Ausnahmef\u00e4llen zul\u00e4ssig ist.<br \/>\n<a href=\"https:\/\/www.anwalt.de\/rechtstipps\/kuendigungsverzicht-im-mietvertrag-das-muessen-sie-wissen-236496.html\" target=\"_blank\" rel=\"nofollow noopener noreferrer\">Mehr dazu erfahren <span class=\"meta-nav\">\u2192<\/span><\/a><\/p>\n<hr \/>\n<h5 class=\"article-main-headline\">Der Dauer-Besuch in der Mietwohnung und die Rechte des Vermieters<\/h5>\n<p>Die Dauer eines Besuchs in einer Mietwohnung ist grunds\u00e4tzlich nicht streng begrenzt, aber es gibt einige Richtlinien und rechtliche \u00dcberlegungen zu beachten&#8230;<br \/>\n<a href=\"https:\/\/www.anwalt.de\/rechtstipps\/der-dauer-besuch-in-der-mietwohnung-und-die-rechte-des-vermieters-236535.html\" target=\"_blank\" rel=\"nofollow noopener noreferrer\">Mehr dazu erfahren <span class=\"meta-nav\">\u2192<\/span><\/a><\/p>\n<hr \/>\n<h5 class=\"article-main-headline\">Mieterh\u00f6hung exakt begr\u00fcnden<\/h5>\n<p>Will ein Vermieter die Miete erh\u00f6hen, so muss er sich in der Regel an den Mietspiegel halten. Er muss dabei die wohnwerterh\u00f6henden Merkmale konkret vortragen. Eine nur oberfl\u00e4chlich ausgef\u00fcllte Mietspiegel-Anlage reicht nicht aus.<br \/>\n<a href=\"https:\/\/www.immowelt.de\/ratgeber\/news\/ohne-klare-begruendung-so-scheitern-vermieter-mit-mieterhoehungen\" target=\"_blank\" rel=\"nofollow noopener noreferrer\">Mehr dazu erfahren <span class=\"meta-nav\">\u2192<\/span><\/a><\/p>\n<hr \/>\n<div class=\"phase-content__flag phase-1\">Immobilienmarkt<\/div>\n<p><!--section--><\/p>\n<h5 class=\"article-main-headline\">Preise f\u00fcr Immobilien klettern im Sommer kr\u00e4ftig \u2013 Experten zeigen sanften Optimismus<\/h5>\n<p>Die deutsche Immobilienbranche haderte die letzten Jahre unter der hiesigen Konjunkturflaute. Nun sind die Rahmenbedingungen zumindest etwas besser geworden &#8211; dennoch gibt es Forderungen nach Berlin.<br \/>\n<a href=\"https:\/\/www.msn.com\/de-de\/finanzen\/top-stories\/wohnungsmarkt-preise-f%C3%BCr-immobilien-klettern-im-sommer-kr%C3%A4ftig-experten-zeigen-sanften-optimismus\/ar-AA1wk8Ox\" target=\"_blank\" rel=\"nofollow noopener noreferrer\">Mehr dazu erfahren <span class=\"meta-nav\">\u2192<\/span><\/a><\/p>\n<hr \/>\n<h5 class=\"article-main-headline\">Was Mieter, K\u00e4ufer und Vermieter 2025 erwartet<\/h5>\n<p>Knapper Wohnraum, steigende Mieten \u2013 der deutsche Immobilienmarkt steckt fest. Wie die Wende gelingt.<br \/>\n<a href=\"https:\/\/www.wiwo.de\/finanzen\/immobilien\/immobilienmarkt-was-mieter-kaeufer-und-vermieter-2025-erwartet\/30136946.html\" target=\"_blank\" rel=\"nofollow noopener noreferrer\">Mehr dazu erfahren <span class=\"meta-nav\">\u2192<\/span><\/a><\/p>\n<hr \/>\n<h5 class=\"article-main-headline\">H\u00e4user im Nordosten: Teure K\u00fcste, preiswertes Hinterland<\/h5>\n<p>Wer in l\u00e4ndlichen Gebieten Mecklenburg-Vorpommerns eine Immobilie sucht, hat eine gro\u00dfe Auswahl zu oft niedrigen Preisen. Bei Lagen an der Ostseek\u00fcste und in den St\u00e4dten sieht es anders aus.<br \/>\n<a href=\"https:\/\/www.sueddeutsche.de\/panorama\/immobilienmarkt-haeuser-im-nordosten-teure-kueste-preiswertes-hinterland-dpa.urn-newsml-dpa-com-20090101-241231-930-331310\" target=\"_blank\" rel=\"nofollow noopener noreferrer\">Mehr dazu erfahren <span class=\"meta-nav\">\u2192<\/span><\/a><\/p>\n<hr \/>\n<h5 class=\"article-main-headline\">Miete, Bauzinsen, Kaufpreise \u2013 So wird der Immobilienmarkt 2025<\/h5>\n<p>Der Wohnungsbau stockt, doch die Nachfrage ist nach wie vor gro\u00df. Womit m\u00fcssen K\u00e4ufer und Verk\u00e4ufer in diesem Jahr rechnen? Womit Mieter und Vermieter? Experten verraten die Trends.<br \/>\n<a href=\"https:\/\/www.handelsblatt.com\/finanzen\/immobilien\/immobilien-miete-bauzinsen-kaufpreise-so-wird-der-immobilienmarkt-2025\/100091582.html\" target=\"_blank\" rel=\"nofollow noopener noreferrer\">Mehr dazu erfahren <span class=\"meta-nav\">\u2192<\/span><\/a><\/p>\n<hr \/>\n<div class=\"phase-content__flag phase-1\">Urteile<\/div>\n<p><!--section--><\/p>\n<h5 class=\"article-main-headline\">Versch\u00e4tzen kann teuer werden<\/h5>\n<p>Um den Wert einer Immobilie einzusch\u00e4tzen und einen Verkaufspreis festzulegen, braucht es Expertenwissen und ein Auge f\u00fcrs Detail. Zahlreiche Faktoren \u2013 nicht zuletzt der energetische Zustand des Objekts \u2013 m\u00fcssen bei der Kalkulation ber\u00fccksichtigt werden. Verk\u00e4ufer, die sich im Preis versch\u00e4tzen, verpassen einen wertvollen Moment.<br \/>\n<a href=\"https:\/\/www.postbank.de\/unternehmen\/medien\/meldungen\/2024\/dezember\/verschaetzen-kann-teuer-werden.html\" target=\"_blank\" rel=\"nofollow noopener noreferrer\">Mehr dazu erfahren <span class=\"meta-nav\">\u2192<\/span><\/a><\/p>\n<hr \/>\n<h5 class=\"article-main-headline\">Mietwucher wird in Frankfurt nur selten geahndet<\/h5>\n<p>Mit dem Ordnungsrecht versucht die Stadt, gegen unzul\u00e4ssig hohe Mieten vorzugehen. Es werden aber nur wenige Bu\u00dfgelder verh\u00e4ngt.<br \/>\n<a href=\"https:\/\/www.faz.net\/aktuell\/rhein-main\/frankfurt\/mietwucher-wird-in-frankfurt-nur-selten-geahndet-110224482.html\" target=\"_blank\" rel=\"nofollow noopener noreferrer\">Mehr dazu erfahren <span class=\"meta-nav\">\u2192<\/span><\/a><\/p>\n<hr \/>\n<h5 class=\"article-main-headline\">Schmutzige Mietwohnung bei R\u00fcckgabe? Vermieter muss trotzdem annehmen!<\/h5>\n<p>Der Begriff \u201ebesenrein\u201c sorgt bei Mietr\u00fcckgaben immer wieder f\u00fcr Konflikte. Im Beschluss des Landgerichts M\u00fcnchen I vom 17.07.2023 (Az. 14 S 4563\/23) wurde entschieden, dass eine Mietwohnung auch dann als ordnungsgem\u00e4\u00df zur\u00fcckgegeben gilt, wenn sie nicht im \u201ebesenreinen\u201c Zustand \u00fcbergeben wurde.<br \/>\n<a href=\"https:\/\/www.anwalt.de\/rechtstipps\/schmutzige-mietwohnung-bei-rueckgabe-vermieter-muss-trotzdem-annehmen-237267.html\" target=\"_blank\" rel=\"nofollow noopener noreferrer\">Mehr dazu erfahren <span class=\"meta-nav\">\u2192<\/span><\/a><\/p>\n<hr \/>\n<div class=\"phase-content__flag phase-1\">Steuern<\/div>\n<p><!--section--><\/p>\n<h5 class=\"article-main-headline\">Pro und Contra: Strafsteuer f\u00fcr Vermieter, die nicht vermieten?<\/h5>\n<p>Trotz akuter Wohnungsnot: Auch in Gr\u00fcnstadt und der Verbandsgemeinde Leiningerland gibt es Eigent\u00fcmer, die Immobilien einfach leerstehen lassen. M\u00fcssen die Kommunen da Druck machen?<br \/>\n<a href=\"https:\/\/www.rheinpfalz.de\/lokal\/gruenstadt_artikel,-pro-und-contra-strafsteuer-f%C3%BCr-vermieter-die-nicht-vermieten-_arid,5731201.html\" target=\"_blank\" rel=\"nofollow noopener noreferrer\">Mehr dazu erfahren <span class=\"meta-nav\">\u2192<\/span><\/a><\/p>\n<hr \/>\n<h5 class=\"article-main-headline\">Was verbirgt sich hinter der Grundsteuer und der Reform?<\/h5>\n<p>Erhoben wird die Grundsteuer auf Grundbesitz, konkret m\u00fcssen sie Eigent\u00fcmer von bebauten und unbebauten Grundst\u00fccken zahlen. Im Unterschied zur Grunderwerbssteuer, die beim Kauf eines Grundst\u00fccks oder eines Geb\u00e4udes einmal f\u00e4llig wird, muss die Grundsteuer jedes Jahr gezahlt werden.<br \/>\n<a href=\"https:\/\/www.faz.net\/agenturmeldungen\/dpa\/was-verbirgt-sich-hinter-der-grundsteuer-und-der-reform-110222263.html\" target=\"_blank\" rel=\"nofollow noopener noreferrer\">Mehr dazu erfahren <span class=\"meta-nav\">\u2192<\/span><\/a><\/p>\n<hr \/>\n<div class=\"phase-content__flag phase-1\">Wissenswertes<\/div>\n<p><!--section--><\/p>\n<h5 class=\"article-main-headline\">Ranking: Wie haustierfreundlich sind M\u00fclheimer Vermieter?<\/h5>\n<p>M\u00fclheim. Bundesweit werden nur in 16,4 Prozent der Mietinserate Haustiere ausdr\u00fccklich vom Vermieter erlaubt. Wie M\u00fclheim bei einer Erhebung abschneidet.<br \/>\n<a href=\"https:\/\/www.waz.de\/lokales\/muelheim\/article407954251\/ranking-wie-haustierfreundlich-sind-muelheimer-vermieter.html\" target=\"_blank\" rel=\"nofollow noopener noreferrer\">Mehr dazu erfahren <span class=\"meta-nav\">\u2192<\/span><\/a><\/p>\n<hr \/>\n<h5 class=\"article-main-headline\">Energieeffizienz im Immobilienmarkt: Was w\u00fcnschen sich Mieter?<\/h5>\n<p>Das Thema Energieeffizienz und energetische Sanierung ist ein wichtiges auf dem deutschen Immobilienmarkt: Nach dem Europaparlament m\u00fcssen viele Geb\u00e4ude in der EU umweltfreundlicher werden und der Energieverbrauch soll mittelfristig deutlich sinken.<br \/>\n<a href=\"https:\/\/deutsche-wirtschafts-nachrichten.de\/712766\/energieeffizienz-im-immobilienmarkt-was-wuenschen-sich-mieter\" target=\"_blank\" rel=\"nofollow noopener noreferrer\">Mehr dazu erfahren <span class=\"meta-nav\">\u2192<\/span><\/a><\/p>\n<hr \/>\n<h5 class=\"article-main-headline\">Experten warnen: Mietpreise sollen 2025 deutlich steigen<\/h5>\n<p>2025 gibt es so einige \u00c4nderungen, die sich auf das Konto auswirken \u2013 und auch f\u00fcr Mieter gibt es einige Neuerungen, die ans Geld gehen. So gibt es etwa mehr Wohngeld, die Mietpreisbremse wird versch\u00e4rft und die Grundsteuer-Reform steht an.<br \/>\n<a href=\"https:\/\/www.echo24.de\/leben\/verbraucher\/mietpreise-anstieg-2025-experten-warnen-steigende-kosten-wohnraum-mangel-93494166.html\" target=\"_blank\" rel=\"nofollow noopener noreferrer\">Mehr dazu erfahren <span class=\"meta-nav\">\u2192<\/span><\/a><\/p>\n<hr \/>\n<h5 class=\"article-main-headline\">Eigent\u00fcmer haben im Alter deutlich mehr Geld als Mieter<\/h5>\n<p>Das eigene Haus ist f\u00fcr viele zum unerreichbaren Traum geworden. Eine aktuelle Studie des Pestel-Instituts zeigt, wie gro\u00df der Unterschied ist, den Wohneigentum macht. Und stellt konkrete Forderungen an die Politik.<br \/>\n<a href=\"https:\/\/www.spiegel.de\/wirtschaft\/immobilien-eigentuemer-haben-laut-studie-im-alter-deutlich-mehr-geld-als-mieter-a-6dfc3ccb-14d9-42d5-a85c-9952c2723162\" target=\"_blank\" rel=\"nofollow noopener noreferrer\">Mehr dazu erfahren <span class=\"meta-nav\">\u2192<\/span><\/a><\/p>\n<hr \/>\n<div class=\"phase-content__flag phase-1\">Krise<\/div>\n<p><!--section--><\/p>\n<h5 class=\"article-main-headline\">B\u00fcro-Leerstand w\u00e4chst &#8211; Wirtschaftskrise schreckt Firmen<\/h5>\n<p>Seit der Corona-Krise hat sich das Homeoffice in Deutschland etabliert. Seitdem stehen viele B\u00fcros leer. Und der Leerstand w\u00e4chst, auch wenn manche Firmen wieder mehr Pr\u00e4senz fordern.<br \/>\n<a href=\"https:\/\/www.stern.de\/wirtschaft\/news\/immobilien--buero-leerstand-waechst---wirtschaftskrise-schreckt-firmen-35364122.html\" target=\"_blank\" rel=\"nofollow noopener noreferrer\">Mehr dazu erfahren <span class=\"meta-nav\">\u2192<\/span><\/a><\/p>\n<hr \/>\n<h5 class=\"article-main-headline\">Baupreise f\u00fcr Wohngeb\u00e4ude steigen um gut drei Prozent<\/h5>\n<p>Bauen in Deutschland ist teuer &#8211; und die Preise steigen weiter. Schwacher Trost: Der Anstieg beschleunigt sich nicht mehr. \u00dcberdurchschnittlich teurer werden Heizanlagen.<br \/>\n<a href=\"https:\/\/www.stern.de\/wirtschaft\/news\/immobilien--baupreise-fuer-wohngebaeude-steigen-um-gut-drei-prozent-35369424.html\" target=\"_blank\" rel=\"nofollow noopener noreferrer\">Mehr dazu erfahren <span class=\"meta-nav\">\u2192<\/span><\/a><\/p>\n<hr \/>\n<div class=\"phase-content__flag phase-1\">Beratung<\/div>\n<p><!--section--><\/p>\n<h5 class=\"article-main-headline\">F\u00fcnf Tipps f\u00fcr eine erfolgreiche Kapitalanlage<\/h5>\n<p>Sinkende Zinsen und steigende Preise machen das Timing f\u00fcr einen Immobilienkauf im Jahr 2025 herausfordernd. Was Erstk\u00e4ufer beachten sollten, damit ihr Investment in eine Mietwohnung gelingt.<br \/>\n<a href=\"https:\/\/www.handelsblatt.com\/finanzen\/immobilien\/inside-energie-und-immobilien\/immobilien-fuenf-tipps-fuer-eine-erfolgreiche-kapitalanlage\/100095189.html\" target=\"_blank\" rel=\"nofollow noopener noreferrer\">Mehr dazu erfahren <span class=\"meta-nav\">\u2192<\/span><\/a><\/p>\n<hr \/>\n<h5 class=\"article-main-headline\">Mietminderung bei falscher Wohnfl\u00e4che: Was ist zu beachten?<\/h5>\n<p>Manchmal ist die Wohnung kleiner als vom Vermieter angegeben. Doch ob Mieter dann weniger Geld bezahlen m\u00fcssen, h\u00e4ngt davon ab, wie gro\u00df die Abweichung ist und welches Messverfahren gilt.<br \/>\n<a href=\"https:\/\/www.sueddeutsche.de\/stil\/mietminderung-wohnflaeche-mieter-falsche-berechnung-lux.NVxWDvwtVaocYaTkmR35SM\" target=\"_blank\" rel=\"nofollow noopener noreferrer\">Mehr dazu erfahren <span class=\"meta-nav\">\u2192<\/span><\/a><\/p>\n<hr \/>\n<h5 class=\"article-main-headline\">Experte warnt: Diese 9 Fehler sind Tods\u00fcnden beim Immobilien-Kauf<\/h5>\n<p>Sind Investments in Immobilien eine gute Anlage? Ja, wenn die Bauzinsen niedrig sind und sich das Objekt in gefragter Lage befindet. Doch die Zinsen sind deutlich gestiegen, die Kaufpreise an Top-Standorten ohnehin.<br \/>\n<a href=\"https:\/\/www.bild.de\/leben-wissen\/sparfochs\/experte-warnt-diese-9-fehler-sind-todsuenden-beim-immobilien-kauf-674de43105eeae75080139de\" target=\"_blank\" rel=\"nofollow noopener noreferrer\">Mehr dazu erfahren <span class=\"meta-nav\">\u2192<\/span><\/a><\/p>\n","protected":false},"excerpt":{"rendered":"<p>Wie jeden Monat bietet Ihnen Rentila einen \u00dcberblick \u00fcber die Immobilienpresse. Auf dem Programm f\u00fcr Januar stehen: Marktbeobachtungen, Steuerthemen und Aktuelles zur Krise.<\/p>\n","protected":false},"author":1,"featured_media":0,"comment_status":"closed","ping_status":"closed","sticky":false,"template":"","format":"standard","meta":{"footnotes":""},"categories":[4],"tags":[],"class_list":["post-18869","post","type-post","status-publish","format-standard","hentry","category-news"],"yoast_head":"<!-- This site is optimized with the Yoast SEO plugin v27.4 - https:\/\/yoast.com\/product\/yoast-seo-wordpress\/ -->\n<title>Immobiliennachrichten - Januar 2025 - Rentila<\/title>\n<meta name=\"description\" content=\"Wie jeden Monat bietet Ihnen Rentila einen \u00dcberblick \u00fcber die Immobilienpresse.\" \/>\n<meta name=\"robots\" content=\"index, follow, max-snippet:-1, max-image-preview:large, max-video-preview:-1\" \/>\n<link rel=\"canonical\" href=\"https:\/\/www.rentila.de\/blog\/immobiliennachrichten-januar-2025\/\" \/>\n<meta property=\"og:locale\" content=\"de_DE\" \/>\n<meta property=\"og:type\" content=\"article\" \/>\n<meta property=\"og:title\" content=\"Immobiliennachrichten - Januar 2025 - Rentila\" \/>\n<meta property=\"og:description\" content=\"Wie jeden Monat bietet Ihnen Rentila einen \u00dcberblick \u00fcber die Immobilienpresse.\" \/>\n<meta property=\"og:url\" content=\"https:\/\/www.rentila.de\/blog\/immobiliennachrichten-januar-2025\/\" \/>\n<meta property=\"og:site_name\" content=\"Rentila - Eigentumsmanagement-Blog f\u00fcr Vermieter\" \/>\n<meta property=\"article:published_time\" content=\"2025-01-21T10:12:38+00:00\" \/>\n<meta property=\"article:modified_time\" content=\"2025-11-12T19:51:40+00:00\" \/>\n<meta property=\"og:image\" content=\"https:\/\/www.rentila.de\/blog\/wp-content\/uploads\/2010\/08\/newspaper.png\" \/>\n\t<meta property=\"og:image:width\" content=\"150\" \/>\n\t<meta property=\"og:image:height\" content=\"150\" \/>\n\t<meta property=\"og:image:type\" content=\"image\/png\" \/>\n<meta name=\"author\" content=\"Rentila\" \/>\n<meta name=\"twitter:card\" content=\"summary_large_image\" \/>\n<meta name=\"twitter:label1\" content=\"Verfasst von\" \/>\n\t<meta name=\"twitter:data1\" content=\"Rentila\" \/>\n\t<meta name=\"twitter:label2\" content=\"Gesch\u00e4tzte Lesezeit\" \/>\n\t<meta name=\"twitter:data2\" content=\"6\u00a0Minuten\" \/>\n<script type=\"application\/ld+json\" class=\"yoast-schema-graph\">{\"@context\":\"https:\\\/\\\/schema.org\",\"@graph\":[{\"@type\":\"Article\",\"@id\":\"https:\\\/\\\/www.rentila.de\\\/blog\\\/immobiliennachrichten-januar-2025\\\/#article\",\"isPartOf\":{\"@id\":\"https:\\\/\\\/www.rentila.de\\\/blog\\\/immobiliennachrichten-januar-2025\\\/\"},\"author\":{\"name\":\"Rentila\",\"@id\":\"https:\\\/\\\/www.rentila.de\\\/blog\\\/#\\\/schema\\\/person\\\/cd3ee2693c194df93db408ccc6b1a838\"},\"headline\":\"Immobiliennachrichten &#8211; Januar 2025\",\"datePublished\":\"2025-01-21T10:12:38+00:00\",\"dateModified\":\"2025-11-12T19:51:40+00:00\",\"mainEntityOfPage\":{\"@id\":\"https:\\\/\\\/www.rentila.de\\\/blog\\\/immobiliennachrichten-januar-2025\\\/\"},\"wordCount\":979,\"image\":{\"@id\":\"https:\\\/\\\/www.rentila.de\\\/blog\\\/immobiliennachrichten-januar-2025\\\/#primaryimage\"},\"thumbnailUrl\":\"https:\\\/\\\/www.rentila.de\\\/assets\\\/img\\\/blog\\\/blog_news.png\",\"articleSection\":[\"Immobilien Nachrichten\"],\"inLanguage\":\"de\"},{\"@type\":\"WebPage\",\"@id\":\"https:\\\/\\\/www.rentila.de\\\/blog\\\/immobiliennachrichten-januar-2025\\\/\",\"url\":\"https:\\\/\\\/www.rentila.de\\\/blog\\\/immobiliennachrichten-januar-2025\\\/\",\"name\":\"Immobiliennachrichten - Januar 2025 - Rentila\",\"isPartOf\":{\"@id\":\"https:\\\/\\\/www.rentila.de\\\/blog\\\/#website\"},\"primaryImageOfPage\":{\"@id\":\"https:\\\/\\\/www.rentila.de\\\/blog\\\/immobiliennachrichten-januar-2025\\\/#primaryimage\"},\"image\":{\"@id\":\"https:\\\/\\\/www.rentila.de\\\/blog\\\/immobiliennachrichten-januar-2025\\\/#primaryimage\"},\"thumbnailUrl\":\"https:\\\/\\\/www.rentila.de\\\/assets\\\/img\\\/blog\\\/blog_news.png\",\"datePublished\":\"2025-01-21T10:12:38+00:00\",\"dateModified\":\"2025-11-12T19:51:40+00:00\",\"author\":{\"@id\":\"https:\\\/\\\/www.rentila.de\\\/blog\\\/#\\\/schema\\\/person\\\/cd3ee2693c194df93db408ccc6b1a838\"},\"description\":\"Wie jeden Monat bietet Ihnen Rentila einen \u00dcberblick \u00fcber die Immobilienpresse.\",\"breadcrumb\":{\"@id\":\"https:\\\/\\\/www.rentila.de\\\/blog\\\/immobiliennachrichten-januar-2025\\\/#breadcrumb\"},\"inLanguage\":\"de\",\"potentialAction\":[{\"@type\":\"ReadAction\",\"target\":[\"https:\\\/\\\/www.rentila.de\\\/blog\\\/immobiliennachrichten-januar-2025\\\/\"]}]},{\"@type\":\"ImageObject\",\"inLanguage\":\"de\",\"@id\":\"https:\\\/\\\/www.rentila.de\\\/blog\\\/immobiliennachrichten-januar-2025\\\/#primaryimage\",\"url\":\"https:\\\/\\\/www.rentila.de\\\/assets\\\/img\\\/blog\\\/blog_news.png\",\"contentUrl\":\"https:\\\/\\\/www.rentila.de\\\/assets\\\/img\\\/blog\\\/blog_news.png\"},{\"@type\":\"BreadcrumbList\",\"@id\":\"https:\\\/\\\/www.rentila.de\\\/blog\\\/immobiliennachrichten-januar-2025\\\/#breadcrumb\",\"itemListElement\":[{\"@type\":\"ListItem\",\"position\":1,\"name\":\"Accueil\",\"item\":\"https:\\\/\\\/www.rentila.de\\\/blog\\\/\"},{\"@type\":\"ListItem\",\"position\":2,\"name\":\"Immobiliennachrichten &#8211; Januar 2025\"}]},{\"@type\":\"WebSite\",\"@id\":\"https:\\\/\\\/www.rentila.de\\\/blog\\\/#website\",\"url\":\"https:\\\/\\\/www.rentila.de\\\/blog\\\/\",\"name\":\"Rentila - Eigentumsmanagement-Blog f\u00fcr Vermieter\",\"description\":\"\",\"potentialAction\":[{\"@type\":\"SearchAction\",\"target\":{\"@type\":\"EntryPoint\",\"urlTemplate\":\"https:\\\/\\\/www.rentila.de\\\/blog\\\/?s={search_term_string}\"},\"query-input\":{\"@type\":\"PropertyValueSpecification\",\"valueRequired\":true,\"valueName\":\"search_term_string\"}}],\"inLanguage\":\"de\"},{\"@type\":\"Person\",\"@id\":\"https:\\\/\\\/www.rentila.de\\\/blog\\\/#\\\/schema\\\/person\\\/cd3ee2693c194df93db408ccc6b1a838\",\"name\":\"Rentila\",\"url\":\"https:\\\/\\\/www.rentila.de\\\/blog\\\/author\\\/admin\\\/\"}]}<\/script>\n<!-- \/ Yoast SEO plugin. -->","yoast_head_json":{"title":"Immobiliennachrichten - Januar 2025 - Rentila","description":"Wie jeden Monat bietet Ihnen Rentila einen \u00dcberblick \u00fcber die Immobilienpresse.","robots":{"index":"index","follow":"follow","max-snippet":"max-snippet:-1","max-image-preview":"max-image-preview:large","max-video-preview":"max-video-preview:-1"},"canonical":"https:\/\/www.rentila.de\/blog\/immobiliennachrichten-januar-2025\/","og_locale":"de_DE","og_type":"article","og_title":"Immobiliennachrichten - Januar 2025 - Rentila","og_description":"Wie jeden Monat bietet Ihnen Rentila einen \u00dcberblick \u00fcber die Immobilienpresse.","og_url":"https:\/\/www.rentila.de\/blog\/immobiliennachrichten-januar-2025\/","og_site_name":"Rentila - Eigentumsmanagement-Blog f\u00fcr Vermieter","article_published_time":"2025-01-21T10:12:38+00:00","article_modified_time":"2025-11-12T19:51:40+00:00","og_image":[{"width":150,"height":150,"url":"https:\/\/www.rentila.de\/blog\/wp-content\/uploads\/2010\/08\/newspaper.png","type":"image\/png"}],"author":"Rentila","twitter_card":"summary_large_image","twitter_misc":{"Verfasst von":"Rentila","Gesch\u00e4tzte Lesezeit":"6\u00a0Minuten"},"schema":{"@context":"https:\/\/schema.org","@graph":[{"@type":"Article","@id":"https:\/\/www.rentila.de\/blog\/immobiliennachrichten-januar-2025\/#article","isPartOf":{"@id":"https:\/\/www.rentila.de\/blog\/immobiliennachrichten-januar-2025\/"},"author":{"name":"Rentila","@id":"https:\/\/www.rentila.de\/blog\/#\/schema\/person\/cd3ee2693c194df93db408ccc6b1a838"},"headline":"Immobiliennachrichten &#8211; Januar 2025","datePublished":"2025-01-21T10:12:38+00:00","dateModified":"2025-11-12T19:51:40+00:00","mainEntityOfPage":{"@id":"https:\/\/www.rentila.de\/blog\/immobiliennachrichten-januar-2025\/"},"wordCount":979,"image":{"@id":"https:\/\/www.rentila.de\/blog\/immobiliennachrichten-januar-2025\/#primaryimage"},"thumbnailUrl":"https:\/\/www.rentila.de\/assets\/img\/blog\/blog_news.png","articleSection":["Immobilien Nachrichten"],"inLanguage":"de"},{"@type":"WebPage","@id":"https:\/\/www.rentila.de\/blog\/immobiliennachrichten-januar-2025\/","url":"https:\/\/www.rentila.de\/blog\/immobiliennachrichten-januar-2025\/","name":"Immobiliennachrichten - Januar 2025 - Rentila","isPartOf":{"@id":"https:\/\/www.rentila.de\/blog\/#website"},"primaryImageOfPage":{"@id":"https:\/\/www.rentila.de\/blog\/immobiliennachrichten-januar-2025\/#primaryimage"},"image":{"@id":"https:\/\/www.rentila.de\/blog\/immobiliennachrichten-januar-2025\/#primaryimage"},"thumbnailUrl":"https:\/\/www.rentila.de\/assets\/img\/blog\/blog_news.png","datePublished":"2025-01-21T10:12:38+00:00","dateModified":"2025-11-12T19:51:40+00:00","author":{"@id":"https:\/\/www.rentila.de\/blog\/#\/schema\/person\/cd3ee2693c194df93db408ccc6b1a838"},"description":"Wie jeden Monat bietet Ihnen Rentila einen \u00dcberblick \u00fcber die Immobilienpresse.","breadcrumb":{"@id":"https:\/\/www.rentila.de\/blog\/immobiliennachrichten-januar-2025\/#breadcrumb"},"inLanguage":"de","potentialAction":[{"@type":"ReadAction","target":["https:\/\/www.rentila.de\/blog\/immobiliennachrichten-januar-2025\/"]}]},{"@type":"ImageObject","inLanguage":"de","@id":"https:\/\/www.rentila.de\/blog\/immobiliennachrichten-januar-2025\/#primaryimage","url":"https:\/\/www.rentila.de\/assets\/img\/blog\/blog_news.png","contentUrl":"https:\/\/www.rentila.de\/assets\/img\/blog\/blog_news.png"},{"@type":"BreadcrumbList","@id":"https:\/\/www.rentila.de\/blog\/immobiliennachrichten-januar-2025\/#breadcrumb","itemListElement":[{"@type":"ListItem","position":1,"name":"Accueil","item":"https:\/\/www.rentila.de\/blog\/"},{"@type":"ListItem","position":2,"name":"Immobiliennachrichten &#8211; Januar 2025"}]},{"@type":"WebSite","@id":"https:\/\/www.rentila.de\/blog\/#website","url":"https:\/\/www.rentila.de\/blog\/","name":"Rentila - Eigentumsmanagement-Blog f\u00fcr Vermieter","description":"","potentialAction":[{"@type":"SearchAction","target":{"@type":"EntryPoint","urlTemplate":"https:\/\/www.rentila.de\/blog\/?s={search_term_string}"},"query-input":{"@type":"PropertyValueSpecification","valueRequired":true,"valueName":"search_term_string"}}],"inLanguage":"de"},{"@type":"Person","@id":"https:\/\/www.rentila.de\/blog\/#\/schema\/person\/cd3ee2693c194df93db408ccc6b1a838","name":"Rentila","url":"https:\/\/www.rentila.de\/blog\/author\/admin\/"}]}},"_links":{"self":[{"href":"https:\/\/www.rentila.de\/blog\/wp-json\/wp\/v2\/posts\/18869","targetHints":{"allow":["GET"]}}],"collection":[{"href":"https:\/\/www.rentila.de\/blog\/wp-json\/wp\/v2\/posts"}],"about":[{"href":"https:\/\/www.rentila.de\/blog\/wp-json\/wp\/v2\/types\/post"}],"author":[{"embeddable":true,"href":"https:\/\/www.rentila.de\/blog\/wp-json\/wp\/v2\/users\/1"}],"replies":[{"embeddable":true,"href":"https:\/\/www.rentila.de\/blog\/wp-json\/wp\/v2\/comments?post=18869"}],"version-history":[{"count":21,"href":"https:\/\/www.rentila.de\/blog\/wp-json\/wp\/v2\/posts\/18869\/revisions"}],"predecessor-version":[{"id":19855,"href":"https:\/\/www.rentila.de\/blog\/wp-json\/wp\/v2\/posts\/18869\/revisions\/19855"}],"wp:attachment":[{"href":"https:\/\/www.rentila.de\/blog\/wp-json\/wp\/v2\/media?parent=18869"}],"wp:term":[{"taxonomy":"category","embeddable":true,"href":"https:\/\/www.rentila.de\/blog\/wp-json\/wp\/v2\/categories?post=18869"},{"taxonomy":"post_tag","embeddable":true,"href":"https:\/\/www.rentila.de\/blog\/wp-json\/wp\/v2\/tags?post=18869"}],"curies":[{"name":"wp","href":"https:\/\/api.w.org\/{rel}","templated":true}]}}