{"id":19299,"date":"2025-06-26T11:00:00","date_gmt":"2025-06-26T09:00:00","guid":{"rendered":"https:\/\/www.rentila.de\/blog\/?p=19299"},"modified":"2025-11-12T21:48:02","modified_gmt":"2025-11-12T19:48:02","slug":"immobiliennachrichten-juni-2025","status":"publish","type":"post","link":"https:\/\/www.rentila.de\/blog\/immobiliennachrichten-juni-2025\/","title":{"rendered":"Immobiliennachrichten &#8211; Juni 2025"},"content":{"rendered":"<div><img decoding=\"async\" class=\"alignleft size-full wp-image-516\" title=\"newspaper\" src=\"https:\/\/www.rentila.de\/assets\/img\/blog\/blog_news_3.png\" alt=\"Immobiliennachrichten\" width=\"100%\" height=\"\"\/><\/div>\n<p class=\"lead\">Wie jeden Monat bietet Ihnen Rentila einen \u00dcberblick \u00fcber die Immobilienpresse. Auf dem Programm f\u00fcr Juni stehen: Marktbeobachtungen, Steuerthemen und Neuigkeiten zu Kreditzinsen.<\/p>\n<p><!--more--><\/p>\n<div class=\"phase-content__flag phase-1\">Mietrecht<\/div>\n<p><!--section--><\/p>\n<h5 class=\"article-main-headline\">100.000 Bu\u00dfgeld f\u00fcr Vermieter: Gr\u00fcne legen Gesetz gegen Mietwucher vor <\/h5>\n<p>Bezahlbarer Wohnraum in St\u00e4dten ist knapp \u2013 das Problem weitet sich immer weiter aus. Um das Problem in den Griff zu bekommen, soll nun Mietwucher h\u00e4rter bestraft werden. Vermietern droht dabei eine Geldstra\u00dfe von bis zu 100.000 Euro \u2013 statt derzeit 50.000 Euro.<br \/>\n<a href=\"https:\/\/www.merkur.de\/wirtschaft\/100-000-bussgeld-fuer-vermieter-gruene-legen-gesetz-gegen-mietwucher-vor-zr-93743698.html\" target=\"_blank\" rel=\"nofollow noopener noreferrer\">Mehr dazu erfahren <span class=\"meta-nav\">\u2192<\/span><\/a><\/p>\n<hr \/>\n<h5 class=\"article-main-headline\">Ratgeber Mietrecht: Was Mieter zur Mietkaution wissen sollten<\/h5>\n<p>Im Jahr 2024 drehte sich jeder dritte Gerichtsstreit zwischen Mietern und Vermietern um die Mietkaution. Dabei ist das Prozedere und der Handlungsspielraum f\u00fcr fast alles gesetzlich klar geregelt. Wir haben zusammengefasst, was Sie wissen sollten.<br \/>\n<a href=\"https:\/\/rp-online.de\/leben\/ratgeber\/mieten\/ratgeber-mietrecht-was-mieter-zur-mietkaution-wissen-sollten_aid-128394921\" target=\"_blank\" rel=\"nofollow noopener noreferrer\">Mehr dazu erfahren <span class=\"meta-nav\">\u2192<\/span><\/a><\/p>\n<hr \/>\n<h5 class=\"article-main-headline\">Was dein Vermieter darf \u2013 und wo du jetzt sofort widersprechen solltest <\/h5>\n<p>Mehr als die H\u00e4lfte der Menschen in Deutschland lebt zur Miete \u2013 so viele wie in kaum einem anderen Land Europas. Gleichzeitig steigen die Mieten seit Jahren rasant, aktuell um \u00fcber neun Prozent.<br \/>\n<a href=\"https:\/\/www.nord24.de\/verbraucher\/was-dein-vermieter-darf-und-wo-du-jetzt-sofort-widersprechen-solltest-297079.html\" target=\"_blank\" rel=\"nofollow noopener noreferrer\">Mehr dazu erfahren <span class=\"meta-nav\">\u2192<\/span><\/a><\/p>\n<hr \/>\n<h5 class=\"article-main-headline\">Mieterh\u00f6hung Deutschland: Was ist legal und was geht nicht?<\/h5>\n<p>Mit laut Destatis rund 250.000 neu gebauten Wohnungen in 2023 ist das j\u00e4hrliche Ziel der Bundesregierung, 400.000 Wohnungen zu bauen, deutlich verfehlt. Und diese anhaltende Wohnungsnot spielt Vermietern nat\u00fcrlich in die Karten. Grunds\u00e4tzlich darf jeder Vermieter den Preis f\u00fcr seine Wohnung selbst festlegen.<br \/>\n<a href=\"https:\/\/www.hamburg040.com\/business\/2025\/mieterhoehung-in-deutschland-was-ist-legal-und-was-geht-gar-nicht\/72204\" target=\"_blank\" rel=\"nofollow noopener noreferrer\">Mehr dazu erfahren <span class=\"meta-nav\">\u2192<\/span><\/a><\/p>\n<hr \/>\n<div class=\"phase-content__flag phase-1\">Immobilienmarkt<\/div>\n<p><!--section--><\/p>\n<h5 class=\"article-main-headline\">Immobilien kaufen: Drei deutsche St\u00e4dte unter den 5 teuersten Europas<\/h5>\n<p>Wer eine Immobilie kaufen will, muss in M\u00fcnchen tief in die Tasche greifen: Nirgendwo in Deutschland muss man mehr pro Quadratmeter zahlen. Und nicht nur das: Auch das Europaranking f\u00fchrt M\u00fcnchen an!<br \/>\n<a href=\"https:\/\/www.bild.de\/leben-wissen\/mein-geld-finanzportal\/immobilien-kaufen-drei-deutsche-staedte-unter-den-5-teuersten-europas-682c4c50591a80205121fa8d\" target=\"_blank\" rel=\"nofollow noopener noreferrer\">Mehr dazu erfahren <span class=\"meta-nav\">\u2192<\/span><\/a><\/p>\n<hr \/>\n<h5 class=\"article-main-headline\">Immobilienmarkt Bayern: Wie geht es weiter mit den Preisen?<\/h5>\n<p>Wer sich in Bayern eine Immobilie kaufen will, f\u00fcr den ist das eine schlechte Nachricht: Die Zeiten sinkender Preise sind wohl erst einmal vorbei. H\u00e4user und Wohnungen haben sich wieder verteuert. Aber es gibt Regionen, wo es noch g\u00fcnstig ist.<br \/>\n<a href=\"https:\/\/www.br.de\/nachrichten\/wirtschaft\/immobilien-in-bayern-preise-fuer-haus-und-wohnung,UlGuSCX\" target=\"_blank\" rel=\"nofollow noopener noreferrer\">Mehr dazu erfahren <span class=\"meta-nav\">\u2192<\/span><\/a><\/p>\n<hr \/>\n<h5 class=\"article-main-headline\">Wohnungskrise in Berlin: Mieter zahlen im Schnitt rund 80 Prozent zu viel \u2013 trotz Mietpreisbremse<\/h5>\n<p>Die Wohnungskrise in Berlin spitzt sich immer weiter zu \u2013 und die Zahlen sprechen f\u00fcr sich: Laut dem Wohnungsmarktbericht der Investitionsbank Berlin stieg die mittlere Angebotsmiete in der Hauptstadt zwischen 2015 und 2022 von rund neun Euro auf etwa 13 Euro pro Quadratmeter.<br \/>\n<a href=\"https:\/\/www.berliner-zeitung.de\/mensch-metropole\/wohnungskrise-in-berlin-mieter-zahlen-im-schnitt-rund-80-prozent-zu-viel-trotz-mietpreisbremse-li.2330859\" target=\"_blank\" rel=\"nofollow noopener noreferrer\">Mehr dazu erfahren <span class=\"meta-nav\">\u2192<\/span><\/a><\/p>\n<hr \/>\n<h5 class=\"article-main-headline\">Immobilien: Hohe Preise d\u00e4mpfen die Nachfrage nach Eigenheimen<\/h5>\n<p>Preise f\u00fcr H\u00e4user und Eigentumswohnungen ziehen wieder an. Eine Umfrage zeigt, f\u00fcr wie erschwinglich Interessenten die Objekte in ihrer Region noch halten.<br \/>\n<a href=\"https:\/\/www.spiegel.de\/wirtschaft\/immobilien-hohe-preise-daempfen-die-nachfrage-nach-eigenheimen-a-5c4e8fc1-5632-4739-a37f-ff9b21070350\" target=\"_blank\" rel=\"nofollow noopener noreferrer\">Mehr dazu erfahren <span class=\"meta-nav\">\u2192<\/span><\/a><\/p>\n<hr \/>\n<div class=\"phase-content__flag phase-1\">Urteile<\/div>\n<p><!--section--><\/p>\n<h5 class=\"article-main-headline\">Indexmiete darf nicht nur den Vermieter beg\u00fcnstigen<\/h5>\n<p>Ein Mieter hatte im Jahr 2023 vor dem Amtsgericht Berlin-Mitte auf R\u00fcckerstattung zu viel gezahlter Miete f\u00fcr die Monate Februar bis April 2023 geklagt. Er und sein Vermieter hatten eine Indexmiete vereinbart und f\u00fcr den genannten Zeitraum trat eine Indexmieterh\u00f6hung ein.<br \/>\n<a href=\"https:\/\/www.smartlaw.de\/rechtsnews\/vermieten-von-wohnraum-garage\/indexmiete-darf-nicht-nur-den-vermieter-beguenstigen\" target=\"_blank\" rel=\"nofollow noopener noreferrer\">Mehr dazu erfahren <span class=\"meta-nav\">\u2192<\/span><\/a><\/p>\n<hr \/>\n<div class=\"phase-content__flag phase-1\">Steuern<\/div>\n<p><!--section--><\/p>\n<h5 class=\"article-main-headline\">Steuer-Tipp: So k\u00f6nnen Sie Ihre Immobilie clever abschreiben<\/h5>\n<p>Wer sich eine eigene Immobilie kauft, hat steuerlich einen gewissen Gestaltungsspielraum. So l\u00e4sst sich dieser nutzen.<br \/>\n<a href=\"https:\/\/www.faz.net\/aktuell\/finanzen\/pro-finanzen\/immobilienkauf-so-gibt-es-mehr-rechtssicherheit-110506575.html\" target=\"_blank\" rel=\"nofollow noopener noreferrer\">Mehr dazu erfahren <span class=\"meta-nav\">\u2192<\/span><\/a><\/p>\n<hr \/>\n<div class=\"phase-content__flag phase-1\">Wissenswertes<\/div>\n<p><!--section--><\/p>\n<h5 class=\"article-main-headline\">Zahl der Zwangsr\u00e4umungen in Berlin weiter gestiegen<\/h5>\n<p>Wer seine Miete nicht zahlen kann und erfolgreich gek\u00fcndigt und verklagt wird, kann zwangsger\u00e4umt werden. In Berlin passiert das seit Jahren immer \u00f6fter &#8211; so auch im vergangenen Jahr. Welche Bezirke besonders betroffen sind.<br \/>\n<a href=\"https:\/\/www.rbb24.de\/politik\/beitrag\/2025\/05\/berlin-zwangsraeumungen-zahl-2024-gestiegen-justizverwaltung-wohnungen-bezirke.html\" target=\"_blank\" rel=\"nofollow noopener noreferrer\">Mehr dazu erfahren <span class=\"meta-nav\">\u2192<\/span><\/a><\/p>\n<hr \/>\n<h5 class=\"article-main-headline\">Brisante Umfrage zu Mieten: So viel Geld zahlen die Deutschen<\/h5>\n<p>Die Mietkosten in Deutschland steigen und immer mehr Personen m\u00fcssen einen immer gr\u00f6\u00dferen Anteil ihres Gehaltes daf\u00fcr aufwenden. Eine Umfrage zeigt jetzt, wie die Lage tats\u00e4chlich ist.<br \/>\n<a href=\"https:\/\/www.businessinsider.de\/wirtschaft\/brisante-umfrage-zu-mieten-so-viel-geld-zahlen-die-deutschen\/\" target=\"_blank\" rel=\"nofollow noopener noreferrer\">Mehr dazu erfahren <span class=\"meta-nav\">\u2192<\/span><\/a><\/p>\n<hr \/>\n<h5 class=\"article-main-headline\">Weniger Deutsche k\u00f6nnen sich ein eigenes Haus leisten<\/h5>\n<p>Mieten oder kaufen? Eine folgenreiche Entscheidung ist es in jedem Fall \u2013 und beim Kauf die meist teuerste im Leben: die eigene Immobilie. Die Deutschen machen es sich bei dieser Entscheidung nicht gerade leicht, die Zahl der Hausbesitzer (47 Prozent) liegt deutlich unter dem europ\u00e4ischen Durchschnitt (69 Prozent).<br \/>\n<a href=\"https:\/\/www.spiegel.de\/wirtschaft\/service\/immobilien-studie-weniger-deutsche-koennen-sich-ein-eigenes-haus-leisten-a-683b796a-78b1-42f6-8bc5-5e286d8d8195\" target=\"_blank\" rel=\"nofollow noopener noreferrer\">Mehr dazu erfahren <span class=\"meta-nav\">\u2192<\/span><\/a><\/p>\n<hr \/>\n<h5 class=\"article-main-headline\">Immobilien: Warum Energieeffizienz die Preise stark beeinflusst<\/h5>\n<p>Die Preise f\u00fcr Wohnimmobilien steigen. Objekte mit schlechter Energiebilanz haben es am Markt jedoch schwerer. Was diese Entwicklung f\u00fcr K\u00e4ufer, Verk\u00e4ufer und Investoren bedeutet.<br \/>\n<a href=\"https:\/\/www.handelsblatt.com\/finanzen\/immobilien\/immobilien-welchen-einfluss-hat-die-energieeffizienz-auf-die-preisentwicklung\/100126441.html\" target=\"_blank\" rel=\"nofollow noopener noreferrer\">Mehr dazu erfahren <span class=\"meta-nav\">\u2192<\/span><\/a><\/p>\n<hr \/>\n<div class=\"phase-content__flag phase-1\">Kredit<\/div>\n<p><!--section--><\/p>\n<h5 class=\"article-main-headline\">Unsichere Zinsen, steigende Preise \u2013 so reagieren clevere K\u00e4ufer<\/h5>\n<p>Zinsspr\u00fcnge, Baukostenexplosion, und kaum Entspannung in Sicht: Wer 2025 eine Wohnung kaufen will, muss strategisch denken. Diese Punkte entscheiden \u00fcber Risiko oder Rendite.<br \/>\n<a href=\"https:\/\/www.handelsblatt.com\/meinung\/kommentare\/kommentar-unsichere-zinsen-steigende-preise-so-reagieren-clevere-kaeufer\/100129408.html\" target=\"_blank\" rel=\"nofollow noopener noreferrer\">Mehr dazu erfahren <span class=\"meta-nav\">\u2192<\/span><\/a><\/p>\n<hr \/>\n<h5 class=\"article-main-headline\">Bauzinsen \u201estark gefallen\u201c \u2013 wovor Profis nun warnen<\/h5>\n<p>Wann sinken die Bauzinsen? Eine neue Prognose gibt Hoffnung. Welche Banken ihre Angebote bereits angepasst haben, erfahren Sie hier.<br \/>\nWann sinken die Bauzinsen wieder? Eine neue Prognose gibt eine klare Tendenz.<br \/>\n<a href=\"https:\/\/www.morgenpost.de\/ratgeber-wissen\/finanzen\/article406511094\/kredit-zinsen-aktuell-bauzinsen-sinken-anbieter-2306.html\" target=\"_blank\" rel=\"nofollow noopener noreferrer\">Mehr dazu erfahren <span class=\"meta-nav\">\u2192<\/span><\/a><\/p>\n<hr \/>\n<h5 class=\"article-main-headline\">Bauzinsen: Ist aktuell eine Zinsbindung von 10 oder 15 Jahren besser?<\/h5>\n<p>Auf eines sollten Immobilienk\u00e4ufer derzeit nicht hoffen: Dass die Bauzinsen nachgeben und deutlich g\u00fcnstiger werden. Zwar hat die Europ\u00e4ische Zentralbank Anfang Juni die Leitzinsen erneut gesenkt und nun auf ein Niveau von 2,0 Prozent heruntergedr\u00fcckt.<br \/>\n<a href=\"https:\/\/www.capital.de\/geld-versicherungen\/bauzinsen--ist-aktuell-eine-zinsbindung-von-10-oder-15-jahren-besser--35797576.html\" target=\"_blank\" rel=\"nofollow noopener noreferrer\">Mehr dazu erfahren <span class=\"meta-nav\">\u2192<\/span><\/a><\/p>\n<hr \/>\n<div class=\"phase-content__flag phase-1\">Beratung<\/div>\n<p><!--section--><\/p>\n<h5 class=\"article-main-headline\">\u201eBesser wird&#8217;s nicht\u201c: Warum der Hauskauf jetzt klug sein k\u00f6nnte<\/h5>\n<p>Nach turbulenten Wochen rechnen Immobilienexperten mit stabileren Bauzinsen. Welche Chancen sich potenziellen K\u00e4ufern nun auf dem Immobilienmarkt bieten und was sie wissen m\u00fcssen.<br \/>\n<a href=\"https:\/\/www.capital.de\/immobilien\/-besser-wird-s-nicht---lohnt-sich-der-hauskauf-2025--35741310.html\" target=\"_blank\" rel=\"nofollow noopener noreferrer\">Mehr dazu erfahren <span class=\"meta-nav\">\u2192<\/span><\/a><\/p>\n<hr \/>\n<h5 class=\"article-main-headline\">Selbst berechnen oder Experte: 9 wichtige Punkte f\u00fcr die Wertermittlung einer Immobilie<\/h5>\n<p>Ist der Preis angemessen? Welche Sanierungskosten kommen noch hinzu? Der wahre Wert eines Hauses l\u00e4sst sich gar nicht so einfach ermitteln. Wann und wie ein Gutachter helfen kann.<br \/>\n<a href=\"https:\/\/www.saarbruecker-zeitung.de\/sz-spezial\/immobilien\/9-wichtige-punkte-fuer-die-wertermittlung-einer-immobilie_aid-128301475\" target=\"_blank\" rel=\"nofollow noopener noreferrer\">Mehr dazu erfahren <span class=\"meta-nav\">\u2192<\/span><\/a><\/p>\n<hr \/>\n<h5 class=\"article-main-headline\">Profi verr\u00e4t, wann die Immobilie \u201eeine sichere Wertanlage\u201c ist<\/h5>\n<p>Die Frage nach dem Wert einer Immobilie stellt sich oft bei Verkauf, Erbschaft, Scheidung oder auch einfach aus Neugier. Doch wie l\u00e4sst sich der Immobilienwert zuverl\u00e4ssig ermitteln und ist ein Experte daf\u00fcr zwingend notwendig?<br \/>\n<a href=\"https:\/\/www.morgenpost.de\/ratgeber-wissen\/finanzen\/article409075105\/immobilienwert-ermitteln-profi-verraet-wo-der-wert-steigt.html\" target=\"_blank\" rel=\"nofollow noopener noreferrer\">Mehr dazu erfahren <span class=\"meta-nav\">\u2192<\/span><\/a><\/p>\n<hr \/>\n<h5 class=\"article-main-headline\">Immobilie f\u00fcr Normalverdiener? So scheitern Sie nicht schon an den Kauf-Nebenkosten<\/h5>\n<p>F\u00fcr viele bleibt der Traum vom Eigenheim unerreichbar \u2013 auch wegen der ausufernden Kauf-Nebenkosten. Eine Studie zeigt, wie stark sie den Hauskauf f\u00fcr Normalverdiener erschweren. Doch in manchen F\u00e4llen lassen sich die Kosten f\u00fcr Makler, Steuer und Notar etwas senken&#8230;<br \/>\n<a href=\"https:\/\/www.welt.de\/wirtschaft\/immobilien\/plus256168248\/immobilie-fuer-normalverdiener-so-scheitern-sie-nicht-schon-an-den-kauf-nebenkosten.html\" target=\"_blank\" rel=\"nofollow noopener noreferrer\">Mehr dazu erfahren <span class=\"meta-nav\">\u2192<\/span><\/a><\/p>\n","protected":false},"excerpt":{"rendered":"<p>Wie jeden Monat bietet Ihnen Rentila einen \u00dcberblick \u00fcber die Immobilienpresse. Auf dem Programm f\u00fcr Juni stehen: Marktbeobachtungen, Steuerthemen und Neuigkeiten zu Kreditzinsen.<\/p>\n","protected":false},"author":1,"featured_media":0,"comment_status":"closed","ping_status":"closed","sticky":false,"template":"","format":"standard","meta":{"footnotes":""},"categories":[4],"tags":[],"class_list":["post-19299","post","type-post","status-publish","format-standard","hentry","category-news"],"yoast_head":"<!-- This site is optimized with the Yoast SEO plugin v27.4 - https:\/\/yoast.com\/product\/yoast-seo-wordpress\/ -->\n<title>Immobiliennachrichten - Juni 2025 - Rentila<\/title>\n<meta name=\"description\" content=\"Immobiliennachrichten - Juni 2025 - Rentila - Eigentumsmanagement-Blog f\u00fcr Vermieter\" \/>\n<meta name=\"robots\" content=\"index, follow, max-snippet:-1, max-image-preview:large, max-video-preview:-1\" \/>\n<link rel=\"canonical\" href=\"https:\/\/www.rentila.de\/blog\/immobiliennachrichten-juni-2025\/\" \/>\n<meta property=\"og:locale\" content=\"de_DE\" \/>\n<meta property=\"og:type\" content=\"article\" \/>\n<meta property=\"og:title\" content=\"Immobiliennachrichten - Juni 2025 - Rentila\" \/>\n<meta property=\"og:description\" content=\"Immobiliennachrichten - Juni 2025 - Rentila - Eigentumsmanagement-Blog f\u00fcr Vermieter\" \/>\n<meta property=\"og:url\" content=\"https:\/\/www.rentila.de\/blog\/immobiliennachrichten-juni-2025\/\" \/>\n<meta property=\"og:site_name\" content=\"Rentila - Eigentumsmanagement-Blog f\u00fcr Vermieter\" \/>\n<meta property=\"article:published_time\" content=\"2025-06-26T09:00:00+00:00\" \/>\n<meta property=\"article:modified_time\" content=\"2025-11-12T19:48:02+00:00\" \/>\n<meta property=\"og:image\" content=\"https:\/\/www.rentila.de\/blog\/wp-content\/uploads\/2010\/08\/newspaper.png\" \/>\n\t<meta property=\"og:image:width\" content=\"150\" \/>\n\t<meta property=\"og:image:height\" content=\"150\" \/>\n\t<meta property=\"og:image:type\" content=\"image\/png\" \/>\n<meta name=\"author\" content=\"Rentila\" \/>\n<meta name=\"twitter:card\" content=\"summary_large_image\" \/>\n<meta name=\"twitter:label1\" content=\"Verfasst von\" \/>\n\t<meta name=\"twitter:data1\" content=\"Rentila\" \/>\n\t<meta name=\"twitter:label2\" content=\"Gesch\u00e4tzte Lesezeit\" \/>\n\t<meta name=\"twitter:data2\" content=\"6\u00a0Minuten\" \/>\n<script type=\"application\/ld+json\" class=\"yoast-schema-graph\">{\"@context\":\"https:\\\/\\\/schema.org\",\"@graph\":[{\"@type\":\"Article\",\"@id\":\"https:\\\/\\\/www.rentila.de\\\/blog\\\/immobiliennachrichten-juni-2025\\\/#article\",\"isPartOf\":{\"@id\":\"https:\\\/\\\/www.rentila.de\\\/blog\\\/immobiliennachrichten-juni-2025\\\/\"},\"author\":{\"name\":\"Rentila\",\"@id\":\"https:\\\/\\\/www.rentila.de\\\/blog\\\/#\\\/schema\\\/person\\\/cd3ee2693c194df93db408ccc6b1a838\"},\"headline\":\"Immobiliennachrichten &#8211; Juni 2025\",\"datePublished\":\"2025-06-26T09:00:00+00:00\",\"dateModified\":\"2025-11-12T19:48:02+00:00\",\"mainEntityOfPage\":{\"@id\":\"https:\\\/\\\/www.rentila.de\\\/blog\\\/immobiliennachrichten-juni-2025\\\/\"},\"wordCount\":1024,\"image\":{\"@id\":\"https:\\\/\\\/www.rentila.de\\\/blog\\\/immobiliennachrichten-juni-2025\\\/#primaryimage\"},\"thumbnailUrl\":\"https:\\\/\\\/www.rentila.de\\\/assets\\\/img\\\/blog\\\/blog_news_3.png\",\"articleSection\":[\"Immobilien Nachrichten\"],\"inLanguage\":\"de\"},{\"@type\":\"WebPage\",\"@id\":\"https:\\\/\\\/www.rentila.de\\\/blog\\\/immobiliennachrichten-juni-2025\\\/\",\"url\":\"https:\\\/\\\/www.rentila.de\\\/blog\\\/immobiliennachrichten-juni-2025\\\/\",\"name\":\"Immobiliennachrichten - Juni 2025 - Rentila\",\"isPartOf\":{\"@id\":\"https:\\\/\\\/www.rentila.de\\\/blog\\\/#website\"},\"primaryImageOfPage\":{\"@id\":\"https:\\\/\\\/www.rentila.de\\\/blog\\\/immobiliennachrichten-juni-2025\\\/#primaryimage\"},\"image\":{\"@id\":\"https:\\\/\\\/www.rentila.de\\\/blog\\\/immobiliennachrichten-juni-2025\\\/#primaryimage\"},\"thumbnailUrl\":\"https:\\\/\\\/www.rentila.de\\\/assets\\\/img\\\/blog\\\/blog_news_3.png\",\"datePublished\":\"2025-06-26T09:00:00+00:00\",\"dateModified\":\"2025-11-12T19:48:02+00:00\",\"author\":{\"@id\":\"https:\\\/\\\/www.rentila.de\\\/blog\\\/#\\\/schema\\\/person\\\/cd3ee2693c194df93db408ccc6b1a838\"},\"description\":\"Immobiliennachrichten - Juni 2025 - Rentila - Eigentumsmanagement-Blog f\u00fcr Vermieter\",\"breadcrumb\":{\"@id\":\"https:\\\/\\\/www.rentila.de\\\/blog\\\/immobiliennachrichten-juni-2025\\\/#breadcrumb\"},\"inLanguage\":\"de\",\"potentialAction\":[{\"@type\":\"ReadAction\",\"target\":[\"https:\\\/\\\/www.rentila.de\\\/blog\\\/immobiliennachrichten-juni-2025\\\/\"]}]},{\"@type\":\"ImageObject\",\"inLanguage\":\"de\",\"@id\":\"https:\\\/\\\/www.rentila.de\\\/blog\\\/immobiliennachrichten-juni-2025\\\/#primaryimage\",\"url\":\"https:\\\/\\\/www.rentila.de\\\/assets\\\/img\\\/blog\\\/blog_news_3.png\",\"contentUrl\":\"https:\\\/\\\/www.rentila.de\\\/assets\\\/img\\\/blog\\\/blog_news_3.png\"},{\"@type\":\"BreadcrumbList\",\"@id\":\"https:\\\/\\\/www.rentila.de\\\/blog\\\/immobiliennachrichten-juni-2025\\\/#breadcrumb\",\"itemListElement\":[{\"@type\":\"ListItem\",\"position\":1,\"name\":\"Accueil\",\"item\":\"https:\\\/\\\/www.rentila.de\\\/blog\\\/\"},{\"@type\":\"ListItem\",\"position\":2,\"name\":\"Immobiliennachrichten &#8211; Juni 2025\"}]},{\"@type\":\"WebSite\",\"@id\":\"https:\\\/\\\/www.rentila.de\\\/blog\\\/#website\",\"url\":\"https:\\\/\\\/www.rentila.de\\\/blog\\\/\",\"name\":\"Rentila - Eigentumsmanagement-Blog f\u00fcr Vermieter\",\"description\":\"\",\"potentialAction\":[{\"@type\":\"SearchAction\",\"target\":{\"@type\":\"EntryPoint\",\"urlTemplate\":\"https:\\\/\\\/www.rentila.de\\\/blog\\\/?s={search_term_string}\"},\"query-input\":{\"@type\":\"PropertyValueSpecification\",\"valueRequired\":true,\"valueName\":\"search_term_string\"}}],\"inLanguage\":\"de\"},{\"@type\":\"Person\",\"@id\":\"https:\\\/\\\/www.rentila.de\\\/blog\\\/#\\\/schema\\\/person\\\/cd3ee2693c194df93db408ccc6b1a838\",\"name\":\"Rentila\",\"url\":\"https:\\\/\\\/www.rentila.de\\\/blog\\\/author\\\/admin\\\/\"}]}<\/script>\n<!-- \/ Yoast SEO plugin. -->","yoast_head_json":{"title":"Immobiliennachrichten - Juni 2025 - Rentila","description":"Immobiliennachrichten - Juni 2025 - Rentila - Eigentumsmanagement-Blog f\u00fcr Vermieter","robots":{"index":"index","follow":"follow","max-snippet":"max-snippet:-1","max-image-preview":"max-image-preview:large","max-video-preview":"max-video-preview:-1"},"canonical":"https:\/\/www.rentila.de\/blog\/immobiliennachrichten-juni-2025\/","og_locale":"de_DE","og_type":"article","og_title":"Immobiliennachrichten - Juni 2025 - Rentila","og_description":"Immobiliennachrichten - Juni 2025 - Rentila - Eigentumsmanagement-Blog f\u00fcr Vermieter","og_url":"https:\/\/www.rentila.de\/blog\/immobiliennachrichten-juni-2025\/","og_site_name":"Rentila - Eigentumsmanagement-Blog f\u00fcr Vermieter","article_published_time":"2025-06-26T09:00:00+00:00","article_modified_time":"2025-11-12T19:48:02+00:00","og_image":[{"width":150,"height":150,"url":"https:\/\/www.rentila.de\/blog\/wp-content\/uploads\/2010\/08\/newspaper.png","type":"image\/png"}],"author":"Rentila","twitter_card":"summary_large_image","twitter_misc":{"Verfasst von":"Rentila","Gesch\u00e4tzte Lesezeit":"6\u00a0Minuten"},"schema":{"@context":"https:\/\/schema.org","@graph":[{"@type":"Article","@id":"https:\/\/www.rentila.de\/blog\/immobiliennachrichten-juni-2025\/#article","isPartOf":{"@id":"https:\/\/www.rentila.de\/blog\/immobiliennachrichten-juni-2025\/"},"author":{"name":"Rentila","@id":"https:\/\/www.rentila.de\/blog\/#\/schema\/person\/cd3ee2693c194df93db408ccc6b1a838"},"headline":"Immobiliennachrichten &#8211; Juni 2025","datePublished":"2025-06-26T09:00:00+00:00","dateModified":"2025-11-12T19:48:02+00:00","mainEntityOfPage":{"@id":"https:\/\/www.rentila.de\/blog\/immobiliennachrichten-juni-2025\/"},"wordCount":1024,"image":{"@id":"https:\/\/www.rentila.de\/blog\/immobiliennachrichten-juni-2025\/#primaryimage"},"thumbnailUrl":"https:\/\/www.rentila.de\/assets\/img\/blog\/blog_news_3.png","articleSection":["Immobilien Nachrichten"],"inLanguage":"de"},{"@type":"WebPage","@id":"https:\/\/www.rentila.de\/blog\/immobiliennachrichten-juni-2025\/","url":"https:\/\/www.rentila.de\/blog\/immobiliennachrichten-juni-2025\/","name":"Immobiliennachrichten - Juni 2025 - Rentila","isPartOf":{"@id":"https:\/\/www.rentila.de\/blog\/#website"},"primaryImageOfPage":{"@id":"https:\/\/www.rentila.de\/blog\/immobiliennachrichten-juni-2025\/#primaryimage"},"image":{"@id":"https:\/\/www.rentila.de\/blog\/immobiliennachrichten-juni-2025\/#primaryimage"},"thumbnailUrl":"https:\/\/www.rentila.de\/assets\/img\/blog\/blog_news_3.png","datePublished":"2025-06-26T09:00:00+00:00","dateModified":"2025-11-12T19:48:02+00:00","author":{"@id":"https:\/\/www.rentila.de\/blog\/#\/schema\/person\/cd3ee2693c194df93db408ccc6b1a838"},"description":"Immobiliennachrichten - Juni 2025 - Rentila - Eigentumsmanagement-Blog f\u00fcr Vermieter","breadcrumb":{"@id":"https:\/\/www.rentila.de\/blog\/immobiliennachrichten-juni-2025\/#breadcrumb"},"inLanguage":"de","potentialAction":[{"@type":"ReadAction","target":["https:\/\/www.rentila.de\/blog\/immobiliennachrichten-juni-2025\/"]}]},{"@type":"ImageObject","inLanguage":"de","@id":"https:\/\/www.rentila.de\/blog\/immobiliennachrichten-juni-2025\/#primaryimage","url":"https:\/\/www.rentila.de\/assets\/img\/blog\/blog_news_3.png","contentUrl":"https:\/\/www.rentila.de\/assets\/img\/blog\/blog_news_3.png"},{"@type":"BreadcrumbList","@id":"https:\/\/www.rentila.de\/blog\/immobiliennachrichten-juni-2025\/#breadcrumb","itemListElement":[{"@type":"ListItem","position":1,"name":"Accueil","item":"https:\/\/www.rentila.de\/blog\/"},{"@type":"ListItem","position":2,"name":"Immobiliennachrichten &#8211; Juni 2025"}]},{"@type":"WebSite","@id":"https:\/\/www.rentila.de\/blog\/#website","url":"https:\/\/www.rentila.de\/blog\/","name":"Rentila - Eigentumsmanagement-Blog f\u00fcr Vermieter","description":"","potentialAction":[{"@type":"SearchAction","target":{"@type":"EntryPoint","urlTemplate":"https:\/\/www.rentila.de\/blog\/?s={search_term_string}"},"query-input":{"@type":"PropertyValueSpecification","valueRequired":true,"valueName":"search_term_string"}}],"inLanguage":"de"},{"@type":"Person","@id":"https:\/\/www.rentila.de\/blog\/#\/schema\/person\/cd3ee2693c194df93db408ccc6b1a838","name":"Rentila","url":"https:\/\/www.rentila.de\/blog\/author\/admin\/"}]}},"_links":{"self":[{"href":"https:\/\/www.rentila.de\/blog\/wp-json\/wp\/v2\/posts\/19299","targetHints":{"allow":["GET"]}}],"collection":[{"href":"https:\/\/www.rentila.de\/blog\/wp-json\/wp\/v2\/posts"}],"about":[{"href":"https:\/\/www.rentila.de\/blog\/wp-json\/wp\/v2\/types\/post"}],"author":[{"embeddable":true,"href":"https:\/\/www.rentila.de\/blog\/wp-json\/wp\/v2\/users\/1"}],"replies":[{"embeddable":true,"href":"https:\/\/www.rentila.de\/blog\/wp-json\/wp\/v2\/comments?post=19299"}],"version-history":[{"count":23,"href":"https:\/\/www.rentila.de\/blog\/wp-json\/wp\/v2\/posts\/19299\/revisions"}],"predecessor-version":[{"id":19839,"href":"https:\/\/www.rentila.de\/blog\/wp-json\/wp\/v2\/posts\/19299\/revisions\/19839"}],"wp:attachment":[{"href":"https:\/\/www.rentila.de\/blog\/wp-json\/wp\/v2\/media?parent=19299"}],"wp:term":[{"taxonomy":"category","embeddable":true,"href":"https:\/\/www.rentila.de\/blog\/wp-json\/wp\/v2\/categories?post=19299"},{"taxonomy":"post_tag","embeddable":true,"href":"https:\/\/www.rentila.de\/blog\/wp-json\/wp\/v2\/tags?post=19299"}],"curies":[{"name":"wp","href":"https:\/\/api.w.org\/{rel}","templated":true}]}}