{"id":6928,"date":"2019-07-04T16:21:48","date_gmt":"2019-07-04T14:21:48","guid":{"rendered":"https:\/\/www.rentila.de\/blog\/?p=6928"},"modified":"2025-11-12T22:48:08","modified_gmt":"2025-11-12T20:48:08","slug":"unmoebiliertes-oder-moebiliertes-wohnen-fuer-was-sollte-man-sich-entscheiden","status":"publish","type":"post","link":"https:\/\/www.rentila.de\/blog\/unmoebiliertes-oder-moebiliertes-wohnen-fuer-was-sollte-man-sich-entscheiden\/","title":{"rendered":"Unm\u00f6biliertes oder m\u00f6biliertes Wohnen: F\u00fcr was sollte man sich entscheiden?"},"content":{"rendered":"<div class=\"wp-block-image\">\n<img decoding=\"async\" class=\"wp-image-516\" src=\"https:\/\/www.rentila.de\/assets\/img\/blog\/blog_tenants_1.png\" alt=\"Unm\u00f6biliertes oder m\u00f6biliertes Wohnen\"\/>\n<\/div>\n<div class=\"sommaire\">\n<div class=\"phase-content__flag phase-1\">Zusammenfassung<\/div>\n<ol>\n<li><a href=\"https:\/\/www.rentila.de\/blog\/unmoebiliertes-oder-moebiliertes-wohnen-fuer-was-sollte-man-sich-entscheiden\/#1\">Unm\u00f6biliertes oder m\u00f6biliertes Wohnen: Ein Vergleich<\/a><\/li>\n<li><a href=\"https:\/\/www.rentila.de\/blog\/unmoebiliertes-oder-moebiliertes-wohnen-fuer-was-sollte-man-sich-entscheiden\/#2\">Vor- und Nachteile eines unm\u00f6bilierten Mietobjektes<\/a><\/li>\n<li><a href=\"https:\/\/www.rentila.de\/blog\/unmoebiliertes-oder-moebiliertes-wohnen-fuer-was-sollte-man-sich-entscheiden\/#3\">Vor- und Nachteile eines m\u00f6bilierten Mietobjektes<\/a><\/li>\n<li><a href=\"https:\/\/www.rentila.de\/blog\/unmoebiliertes-oder-moebiliertes-wohnen-fuer-was-sollte-man-sich-entscheiden\/#4\">Wie soll man sich entscheiden?<\/a><\/li>\n<\/ol>\n<\/div>\n<p class=\"lead\">Der Wohnungsmarkt bietet eine breite Palette an Mietobjekten: Studios, Apartments, Villen,\u2026 . Mieter haben die M\u00f6glichkeit zwischen unm\u00f6bilierten und m\u00f6bilierten Mietobjekten zu w\u00e4hlen. Jede dieser M\u00f6glichkeiten hat seine Vorteile und Nachteile. Welche Art der Vermietung sollten Sie w\u00e4hlen: Unm\u00f6biliert oder m\u00f6biliert?<\/p>\n\n\n<!--more-->\n\n\n\n<h2 class=\"wp-block-heading\" id=\"1\">Unm\u00f6biliertes oder m\u00f6biliertes Wohnen: Ein Vergleich<\/h2>\n\n\n\n<h3 class=\"wp-block-heading\">Unm\u00f6biliertes Mietobjekt<\/h3>\n\n\n\n<h5 class=\"wp-block-heading\">Mobiliar<\/h5>\n\n\n\n<p>Ein unm\u00f6biliertes Mietobjekt ist nahezu leer. Der Mieter muss eigene M\u00f6bel und Einrichtungsgegenst\u00e4nde mitbringen. <\/p>\n\n\n\n<h5 class=\"wp-block-heading\">Mietvertragsdauer<\/h5>\n\n\n\n<p>Bei einer unm\u00f6bilierten Wohnung ist das Mietverh\u00e4ltnis in der Regel nicht begrenzt, sofern nichts anderes im Mietvertrag festgelegt wurde. <\/p>\n\n\n\n<h5 class=\"wp-block-heading\">K\u00fcndigungsfrist<\/h5>\n\n\n\n<p>Zur Beendigung des Mietverh\u00e4ltnisses gilt eine K\u00fcndigungsfrist von 3 Monaten. <\/p>\n\n\n\n<h5 class=\"wp-block-heading\">Steuern<\/h5>\n\n\n\n<p>Eink\u00fcnfte aus der Vermietung eines unm\u00f6bilierten Mietobjektes werden als &#8222;Einkommen von Grund und Boden&#8220; besteuert. Der Vermieter kann Kosten wie Zinsen, Renovierungsarbeiten, Verwaltungskosten, Grundsteuer und andere Kosten von der Steuer absetzen.<\/p>\n\n\n\n<h3 class=\"wp-block-heading\">M\u00f6biliertes Mietobjekt <\/h3>\n\n\n\n<h5 class=\"wp-block-heading\">Definition<\/h5>\n\n\n\n<p>Das Gesetz enth\u00e4lt keine Definition einer m\u00f6bilierten Wohnung. Laut der Rechtsprechung liegt m\u00f6biliertes Wohnen vor, <strong>wenn der Vermieter mehr als die H\u00e4lfte der f\u00fcr die Haushaltsf\u00fchrung notwendigen Einrichtungsgegenst\u00e4nde bereitstellt<\/strong>. Der Mieter hat kein Recht auf bestimmte Gegenst\u00e4nde die fehlen, aber normalerweise in einer Wohnung zu finden sind. <\/p>\n\n\n\n<p>Zu den in der obigen Definition genannten notwendigen Einrichtungsgegenst\u00e4nden z\u00e4hlen beispielsweise Betten, St\u00fchle und Tische, Schr\u00e4nke, Regale, Lampen, Gardinen, Teppiche, Bettw\u00e4sche, Sofa und Sessel, Wasch- und Sp\u00fclmaschinen, jedoch nicht Hausrat wie Geschirr und Besteck.<\/p>\n\n\n\n<h5 class=\"wp-block-heading\">Mobiliar<\/h5>\n\n\n\n<p>Das m\u00f6bilierte Wohnen hat zahlreiche Vorteile. Das Mietobjekt ist bereits mit M\u00f6beln ausgestattet und hat in der Regel eine K\u00fcche und andere essentielle Einrichtungsgegenst\u00e4nde. <\/p>\n\n\n\n<h5 class=\"wp-block-heading\">Mietvertragsdauer<\/h5>\n\n\n\n<p>Bei einer m\u00f6bilierten Wohnung ist das Mietverh\u00e4ltnis oft begrenzt, da es sich eher um ein Zwischenmietverh\u00e4ltnis handelt.  Bei einem befristeten Mietverh\u00e4ltnis gilt zur Beendigung des Mietverh\u00e4ltnisses eine K\u00fcndigungsfrist von 1 Woche..  <\/p>\n\n\n\n<p>Ein befristeter Mietvertrag ist gem\u00e4\u00df \u00a7 575 BGB nur m\u00f6glich, wenn der Vermieter einen berechtigten Grund daf\u00fcr hat. Ein solcher ist gegeben, wenn die Wohnung nur zum vor\u00fcbergehenden Gebrauch \u00fcberlassen wird, wie beispielsweise eine Ferienwohnung, wenn der Wohnraum Teil der vom Vermieter selbst bewohnten Wohnung ist (Einliegerwohnung), oder wenn es sich um Studentenwohnheime oder \u00e4hnliche Einrichtungen handelt.<\/p>\n\n\n\n<h5 class=\"wp-block-heading\">K\u00fcndigungsfrist<\/h5>\n\n\n\n<p>Beim m\u00f6bilierten Wohnen gilt wie beim unm\u00f6bilierten Wohnen eine K\u00fcndigungsfrist von 3 Monaten.<\/p>\n\n\n\n<p>Falls sich das Zimmer in der Wohnung des Vermieters befindet und nicht an eine Familie vermietet wurde, kann der Vermieter bis sp\u00e4testens zum 15. eines Monats dem Mieter k\u00fcndigen, der dann zum Monatsende ausziehen muss (\u00a7 573 c III i.V.m. \u00a7 549 II Nr. 2 BGB).<\/p>\n\n\n\n<p>Falls die Voraussetzungen f\u00fcr einen befristeten Mietvertrag (\u00a7\u00a7 543 und 569 BGB) gelten, kann nur au\u00dferordentlich gek\u00fcndigt werden.<\/p>\n\n\n\n<h5 class=\"wp-block-heading\">Steuern<\/h5>\n\n\n\n<p>Eink\u00fcnfte aus der Vermietung eines m\u00f6bilierten Mietobjektes werden als gewerbliche Eink\u00fcnfte besteuert. Der Vermieter hat hierbei den Vorteil, dass ein Gro\u00dfteil der Eink\u00fcnfte und Investitionen die Immobilie j\u00e4hrlich von der Steuer abgesetzt werden k\u00f6nnen. <\/p>\n\n\n\n<h3 class=\"wp-block-heading\">Vergleichende Tabelle zum unm\u00f6bilierten und m\u00f6bilierten Wohnen<\/h3>\n\n\n\n<table class=\"wp-block-table alignleft\"><tbody><tr><td>Art der Vermietung<\/td><td><strong>Unm\u00f6bilierte Vermietung<\/strong><br \/><\/td><td><strong>M\u00f6bilierte Vermietung<\/strong><br \/>z.B. Zimmer in der Wohnung des Vermieters, Ferienwohnug, Studentenzimmer, &#8230;<\/td><\/tr><tr><td>Mietvertragsdauer<\/td><td>Unbefristet<\/td><td>In der Regel unbefristet, in Ausnahmef\u00e4llen jedoch befristet<\/td><\/tr><tr><td>Kaution<\/td><td>max. 3 Monatsnettokaltmieten<\/td><td>max. 3 Monatsnettokaltmieten <\/td><\/tr><tr><td>K\u00fcndigungsfrist<\/td><td>3 Monate<\/td><td>In der Regel 3 Monate, 15 Tage bei Bewohnen eines Zimmers als Einzelperson in der Vermieterwohnung<\/td><\/tr><\/tbody><\/table>\n\n\n\n<h2 class=\"wp-block-heading\" id=\"2\">Unm\u00f6biliertes Wohnen: Vor- und Nachteile<\/h2>\n\n\n\n<h5 class=\"wp-block-heading\">Vorteile des unm\u00f6bilierten Wohnens<\/h5>\n\n\n\n<p>Der prim\u00e4re Vorteil des Vermieters ist der Mietertyp, der sich f\u00fcr unm\u00f6biliertes Wohnen entscheidet. Eine Wohnung auszustatten ist kostspielig und zeitintensiv. Aus diesem Grund entscheiden sich tendenziell Mieter eher f\u00fcr eine unm\u00f6bilierte Wohnung, die diese f\u00fcr einen l\u00e4ngeren Zeitraum anmieten wollen. Auch der Aufwand eines Umzuges veranlasst viele Mieter, eine Wohnung l\u00e4nger anzumieten.<\/p>\n\n\n\n<h5 class=\"wp-block-heading\">Nachteile des unm\u00f6bilierten Wohnens <\/h5>\n\n\n\n<p>Unm\u00f6biliertes Wohnen kann aber auch Nachteile haben. Vermieter haben den Nachteil, dass die Wohnung bereits nach 3 Monaten gek\u00fcndigt werden kann, wobei Vermieter ihrerseits wenig M\u00f6glichkeiten haben, das Mietverh\u00e4ltnis zu beenden. Auch sind die Mieteink\u00fcnfte geringer als beim m\u00f6bilierten Wohnen und weniger ist steuerlich absetzbar. Aus Mietersicht ist die Ausstattung mit M\u00f6beln teuer und zeitaufwendig. Selbiges gilt f\u00fcr den Umzug. <\/p>\n\n\n\n<h2 class=\"wp-block-heading\" id=\"3\">M\u00f6biliertes Wohnen: Vor- und Nachteile <\/h2>\n\n\n\n<h5 class=\"wp-block-heading\"> Vorteile des m\u00f6bilierten Wohnens <\/h5>\n\n\n\n<p>Beim m\u00f6bilierten Wohnen hingegen hat der Vermieter den Vorteil, dass eine h\u00f6here Miete verlangt werden kann und vieles steuerlich absetzbar ist. Sofern das Mietverh\u00e4ltnis als befristeter Vertrag gewertet werden darf, bleiben unliebsame Mieter nicht so lange wie bei einem unbefristeten Mietvertrag. Der Mieter hat den finanziellen Vorteil keine M\u00f6bel kaufen zu m\u00fcssen. Im Falle eines befristeten Mietverh\u00e4ltnisses m\u00fcssen Mieter, die nur kurzfristig anmieten wollen, nicht die gesetzliche K\u00fcndigungsfrist von 3 Monaten beachten.<\/p>\n\n\n\n<h5 class=\"wp-block-heading\"> Nachteile des m\u00f6bilierten Wohnens <\/h5>\n\n\n\n<p>Nachteile des m\u00f6bilierten Wohnens bestehen beispielsweise darin, dass der Vermieter mehr Eigentum dem Risiko aussetzt, unpfleglich behandelt zu werden. Der Mieter hat zwar das Recht M\u00f6bel auszulagern, und stattdessen eigene M\u00f6bel in die Wohnung zu bringen, jedoch kann dies sehr kostspielig werden, da der Mieter die M\u00f6bel<strong> auf eigene Kosten<\/strong> auslagern und bei Auszug wieder in die Wohnung bringen muss. Bei Besch\u00e4digung der M\u00f6bel ist der Mieter dem Vermieter zudem zum Schadensersatz verpflichtet.<\/p>\n\n\n\n<h2 class=\"wp-block-heading\" id=\"4\">Unm\u00f6biliertes oder m\u00f6biliertes Wohnen: Wie soll man sich entscheiden?<\/h2>\n\n\n\n<p>Beide M\u00f6glichkeiten bieten Vor- und Nachteile. Die Entscheidung h\u00e4ngt letztlich von verschiedenen Kriterien ab, insbesondere vom Typ des Mieters und dessen Anforderungen, der einfachereren Verwaltung des Mietobjektes, und der Mieteinnahmen. <\/p>\n\n\n\n<blockquote class=\"wp-block-quote is-layout-flow wp-block-quote-is-layout-flow\"><p>Unm\u00f6biliertes oder m\u00f6biliertes Wohnen? Egal ob Sie ein Vermieter oder Mieter sind, es kommt auf Ihre Priorit\u00e4ten an. F\u00fcr jedes Bed\u00fcrfnis gibt es eine entsprechende L\u00f6sung. <\/p><\/blockquote>\n\n\n\n<h3 class=\"wp-block-heading\">Beispiele, die Ihre Entscheidung beeinflussen<\/h3>\n\n\n\n<h5 class=\"wp-block-heading\">Die Seite des Mieters<\/h5>\n\n\n\n<p>Mieter, besonders jene mit einer Familie, suchen nach einem Mietobjekt, welches sich zur langfristigen Miete eignet. Des Weiteren besitzen viele bereits M\u00f6bel aus der letzten Wohnung. In einem solchen Fall ist eine unm\u00f6bilierte Wohnung eine bessere und g\u00fcnstigere Alternative. Insbesondere, da m\u00f6bilierte Wohnungen normalerweise teurer sind und M\u00f6bel, die man bereits besitzt, schwerlich anderweitig unterzubringen sind.<\/p>\n\n\n\n<p>Studenten, Auszubildende oder junge P\u00e4rchen haben dagegen oft nicht die finanziellen Mittel f\u00fcr eine Erstausstattung. Au\u00dferdem haben sie oft eine Tendenz, schneller den Wohnraum zu wechseln, beispielsweise f\u00fcr ein Praktikum, einen Auslandsaufenthalt oder einen Job. Solche Mieter suchen eher nach einer Wohnung f\u00fcr eine kurzfristige Nutzungsdauer. In einem solchen Fall ist eine m\u00f6bilierte Wohnung von gr\u00f6\u00dferem Vorteil. <\/p>\n\n\n\n<h5 class=\"wp-block-heading\">Die Seite des Vermieters<\/h5>\n\n\n\n<p>Ein Vermieter kann sein Eigentum unm\u00f6biliert oder m\u00f6biliert vermieten. <\/p>\n\n\n\n<p>Der Vorteil in der m\u00f6bilierten Vermietung liegt darin, dass er Vermieter eine h\u00f6here Miete verlangen kann. Er kann insbesondere einen Zuschlag zur orts\u00fcblichen Vergleichsmiete verlangen. <\/p>\n\n\n\n<p>Nach dem <strong>Berliner Modell<\/strong> (LG Berlin, Az.: 63 S 365\/01) kann ein M\u00f6bilierungszuschlag von 2% f\u00fcr den Zeitwert der M\u00f6bel erhoben werden. Hierbei wird eine lineare Abschreibung \u00fcber 10 Jahre und eine Kapitalverzinsung von 14% zugrunde gelegt.<\/p>\n\n\n\n<h5 class=\"wp-block-heading\">Berechnungsbeispiel:<\/h5>\n\n\n\n<p>Anschaffungspreis der M\u00f6bel: 5.000\u20ac<\/p>\n\n\n\n<p><strong>Monatlicher Zuschlag = Neuwert der M\u00f6bel \/ 10 Jahre * Anzahl nicht vergangener Jahre * 2 Prozent<\/strong><\/p>\n\n\n\n<p><strong>Monatlicher Zuschlag im ersten Jahr:<\/strong> 5000\u20ac \/ 10 * 10 * 0,02 = <strong>100\u20ac<\/strong><br \/> J\u00e4hrlicher Gesamtzuschlag: 1.200\u20ac<\/p>\n\n\n\n<p><strong>Monatlicher Zuschlag im zweiten Jahr: <\/strong>5000\u20ac \/ 10 * 9 * 0,02 =<strong> 90\u20ac<\/strong><br \/> J\u00e4hrlicher Gesamtzuschlag: 1.080\u20ac<\/p>\n\n\n\n<p>Beim <strong>Hamburger Modell<\/strong> werden die Anschaffungskosten verzinst und die Einrichtungsgegenst\u00e4nde entsprechend der wirtschaftlichen Abnutzungszeit abgeschrieben. Der Abschreibungszeitraum ist hierbei jedoch auf lediglich 7 Jahre anzusetzen und es d\u00fcrfen j\u00e4hrlich nur 15% abgeschrieben werden. Da es aber keine gesetzliche Obergrenze f\u00fcr den Zuschlag der M\u00f6bilierung gibt, ist das <strong>Hamburger Modell f\u00fcr Vermieter g\u00fcnstiger<\/strong>. <\/p>\n\n\n\n<h5 class=\"wp-block-heading\"> Berechnungsbeispiel: <\/h5>\n\n\n\n<p>Anschaffungspreis der M\u00f6bel: 5.000\u20ac<br \/> Wertverlust pro Jahr: 10%<br \/> Kapitalverzinsung: z.B. 12%<br \/> Abschreibung: 15% (maximal m\u00f6glich)<\/p>\n\n\n\n<p><strong>Zuschlag = M\u00f6belwert * (Kapitalverzinsung + Abschreibung)<\/strong><\/p>\n\n\n\n<p><strong>Monatlicher Zuschlag im ersten Jahr:<\/strong><br \/> Wert der M\u00f6bel: 5.000\u20ac<br \/> J\u00e4hrlicher Gesamtzuschlag = 5.000\u20ac * (0,12 + 0,15) = 600\u20ac + 750\u20ac = 1.350\u20ac<br \/> Zuschlag pro Monat = 1.350\u20ac \/ 12 Monate = <strong>112,50\u20ac<\/strong><\/p>\n\n\n\n<h5 class=\"wp-block-heading\">Berechnungsbeispiel, wenn eine Mietpreisbremse gilt: <\/h5>\n\n\n\n<p><strong>Orts\u00fcbliche Vergleichsmiete (unm\u00f6bliert): 1.200\u20ac<\/strong><br \/> + M\u00f6blierungszuschlag: 112,50\u20ac<br \/> = orts\u00fcbliche Vergleichsmiete: 1.312,50\u20ac<br \/> + 10% dar\u00fcber: 131,25\u20ac<br \/> = <strong>Maximal zul\u00e4ssige Miete: 1443,75\u20ac<\/strong><\/p>\n\n\n\n<p>Ein weiterer Vorteil der m\u00f6bilierten Wohnung liegt darin, dass Mobiliar und Reparaturen steuerlich absetzbar sind. <strong>M\u00f6bel, die unter 800\u20ac netto kosten, k\u00f6nnen im gleichen Jahr in voller H\u00f6he als Werbungskosten abgeschrieben werden<\/strong>. Teurere M\u00f6bel m\u00fcssen linear abgeschrieben werden. Im Falle von Reparaturen k\u00f6nnen die Kosten f\u00fcr die Handwerker steuerlich abgesetzt werden.<\/p>\n","protected":false},"excerpt":{"rendered":"<p>Zusammenfassung Unm\u00f6biliertes oder m\u00f6biliertes Wohnen: Ein Vergleich Vor- und Nachteile eines unm\u00f6bilierten Mietobjektes Vor- und Nachteile eines m\u00f6bilierten Mietobjektes Wie soll man sich entscheiden? Der Wohnungsmarkt bietet eine breite Palette an Mietobjekten: Studios, Apartments, Villen,\u2026 . Mieter haben die M\u00f6glichkeit zwischen unm\u00f6bilierten und m\u00f6bilierten Mietobjekten zu w\u00e4hlen. Jede dieser M\u00f6glichkeiten hat seine Vorteile und Nachteile. [&hellip;]<\/p>\n","protected":false},"author":1,"featured_media":0,"comment_status":"closed","ping_status":"closed","sticky":false,"template":"","format":"standard","meta":{"footnotes":""},"categories":[172],"tags":[],"class_list":["post-6928","post","type-post","status-publish","format-standard","hentry","category-basics"],"yoast_head":"<!-- This site is optimized with the Yoast SEO plugin v27.4 - https:\/\/yoast.com\/product\/yoast-seo-wordpress\/ -->\n<title>Unm\u00f6biliertes oder m\u00f6biliertes Wohnen: F\u00fcr was sollte man sich entscheiden? - Rentila<\/title>\n<meta name=\"description\" content=\"Unm\u00f6biliertes oder m\u00f6biliertes Wohnen: F\u00fcr was sollte man sich entscheiden? - Rentila - Eigentumsmanagement-Blog f\u00fcr Vermieter\" \/>\n<meta name=\"robots\" content=\"index, follow, max-snippet:-1, max-image-preview:large, max-video-preview:-1\" \/>\n<link rel=\"canonical\" href=\"https:\/\/www.rentila.de\/blog\/unmoebiliertes-oder-moebiliertes-wohnen-fuer-was-sollte-man-sich-entscheiden\/\" \/>\n<meta property=\"og:locale\" content=\"de_DE\" \/>\n<meta property=\"og:type\" content=\"article\" \/>\n<meta property=\"og:title\" content=\"Unm\u00f6biliertes oder m\u00f6biliertes Wohnen: F\u00fcr was sollte man sich entscheiden? - Rentila\" \/>\n<meta property=\"og:description\" content=\"Unm\u00f6biliertes oder m\u00f6biliertes Wohnen: F\u00fcr was sollte man sich entscheiden? - Rentila - Eigentumsmanagement-Blog f\u00fcr Vermieter\" \/>\n<meta property=\"og:url\" content=\"https:\/\/www.rentila.de\/blog\/unmoebiliertes-oder-moebiliertes-wohnen-fuer-was-sollte-man-sich-entscheiden\/\" \/>\n<meta property=\"og:site_name\" content=\"Rentila - Eigentumsmanagement-Blog f\u00fcr Vermieter\" \/>\n<meta property=\"article:published_time\" content=\"2019-07-04T14:21:48+00:00\" \/>\n<meta property=\"article:modified_time\" content=\"2025-11-12T20:48:08+00:00\" \/>\n<meta property=\"og:image\" content=\"https:\/\/www.rentila.de\/blog\/wp-content\/uploads\/2010\/08\/newspaper.png\" \/>\n\t<meta property=\"og:image:width\" content=\"150\" \/>\n\t<meta property=\"og:image:height\" content=\"150\" \/>\n\t<meta property=\"og:image:type\" content=\"image\/png\" \/>\n<meta name=\"author\" content=\"Rentila\" \/>\n<meta name=\"twitter:card\" content=\"summary_large_image\" \/>\n<meta name=\"twitter:label1\" content=\"Verfasst von\" \/>\n\t<meta name=\"twitter:data1\" content=\"Rentila\" \/>\n\t<meta name=\"twitter:label2\" content=\"Gesch\u00e4tzte Lesezeit\" \/>\n\t<meta name=\"twitter:data2\" content=\"8\u00a0Minuten\" \/>\n<script type=\"application\/ld+json\" class=\"yoast-schema-graph\">{\"@context\":\"https:\\\/\\\/schema.org\",\"@graph\":[{\"@type\":\"Article\",\"@id\":\"https:\\\/\\\/www.rentila.de\\\/blog\\\/unmoebiliertes-oder-moebiliertes-wohnen-fuer-was-sollte-man-sich-entscheiden\\\/#article\",\"isPartOf\":{\"@id\":\"https:\\\/\\\/www.rentila.de\\\/blog\\\/unmoebiliertes-oder-moebiliertes-wohnen-fuer-was-sollte-man-sich-entscheiden\\\/\"},\"author\":{\"name\":\"Rentila\",\"@id\":\"https:\\\/\\\/www.rentila.de\\\/blog\\\/#\\\/schema\\\/person\\\/cd3ee2693c194df93db408ccc6b1a838\"},\"headline\":\"Unm\u00f6biliertes oder m\u00f6biliertes Wohnen: F\u00fcr was sollte man sich entscheiden?\",\"datePublished\":\"2019-07-04T14:21:48+00:00\",\"dateModified\":\"2025-11-12T20:48:08+00:00\",\"mainEntityOfPage\":{\"@id\":\"https:\\\/\\\/www.rentila.de\\\/blog\\\/unmoebiliertes-oder-moebiliertes-wohnen-fuer-was-sollte-man-sich-entscheiden\\\/\"},\"wordCount\":1402,\"image\":{\"@id\":\"https:\\\/\\\/www.rentila.de\\\/blog\\\/unmoebiliertes-oder-moebiliertes-wohnen-fuer-was-sollte-man-sich-entscheiden\\\/#primaryimage\"},\"thumbnailUrl\":\"https:\\\/\\\/www.rentila.de\\\/assets\\\/img\\\/blog\\\/blog_tenants_1.png\",\"articleSection\":[\"Grundlagen\"],\"inLanguage\":\"de\"},{\"@type\":\"WebPage\",\"@id\":\"https:\\\/\\\/www.rentila.de\\\/blog\\\/unmoebiliertes-oder-moebiliertes-wohnen-fuer-was-sollte-man-sich-entscheiden\\\/\",\"url\":\"https:\\\/\\\/www.rentila.de\\\/blog\\\/unmoebiliertes-oder-moebiliertes-wohnen-fuer-was-sollte-man-sich-entscheiden\\\/\",\"name\":\"Unm\u00f6biliertes oder m\u00f6biliertes Wohnen: F\u00fcr was sollte man sich entscheiden? - Rentila\",\"isPartOf\":{\"@id\":\"https:\\\/\\\/www.rentila.de\\\/blog\\\/#website\"},\"primaryImageOfPage\":{\"@id\":\"https:\\\/\\\/www.rentila.de\\\/blog\\\/unmoebiliertes-oder-moebiliertes-wohnen-fuer-was-sollte-man-sich-entscheiden\\\/#primaryimage\"},\"image\":{\"@id\":\"https:\\\/\\\/www.rentila.de\\\/blog\\\/unmoebiliertes-oder-moebiliertes-wohnen-fuer-was-sollte-man-sich-entscheiden\\\/#primaryimage\"},\"thumbnailUrl\":\"https:\\\/\\\/www.rentila.de\\\/assets\\\/img\\\/blog\\\/blog_tenants_1.png\",\"datePublished\":\"2019-07-04T14:21:48+00:00\",\"dateModified\":\"2025-11-12T20:48:08+00:00\",\"author\":{\"@id\":\"https:\\\/\\\/www.rentila.de\\\/blog\\\/#\\\/schema\\\/person\\\/cd3ee2693c194df93db408ccc6b1a838\"},\"description\":\"Unm\u00f6biliertes oder m\u00f6biliertes Wohnen: F\u00fcr was sollte man sich entscheiden? - Rentila - Eigentumsmanagement-Blog f\u00fcr Vermieter\",\"breadcrumb\":{\"@id\":\"https:\\\/\\\/www.rentila.de\\\/blog\\\/unmoebiliertes-oder-moebiliertes-wohnen-fuer-was-sollte-man-sich-entscheiden\\\/#breadcrumb\"},\"inLanguage\":\"de\",\"potentialAction\":[{\"@type\":\"ReadAction\",\"target\":[\"https:\\\/\\\/www.rentila.de\\\/blog\\\/unmoebiliertes-oder-moebiliertes-wohnen-fuer-was-sollte-man-sich-entscheiden\\\/\"]}]},{\"@type\":\"ImageObject\",\"inLanguage\":\"de\",\"@id\":\"https:\\\/\\\/www.rentila.de\\\/blog\\\/unmoebiliertes-oder-moebiliertes-wohnen-fuer-was-sollte-man-sich-entscheiden\\\/#primaryimage\",\"url\":\"https:\\\/\\\/www.rentila.de\\\/assets\\\/img\\\/blog\\\/blog_tenants_1.png\",\"contentUrl\":\"https:\\\/\\\/www.rentila.de\\\/assets\\\/img\\\/blog\\\/blog_tenants_1.png\"},{\"@type\":\"BreadcrumbList\",\"@id\":\"https:\\\/\\\/www.rentila.de\\\/blog\\\/unmoebiliertes-oder-moebiliertes-wohnen-fuer-was-sollte-man-sich-entscheiden\\\/#breadcrumb\",\"itemListElement\":[{\"@type\":\"ListItem\",\"position\":1,\"name\":\"Accueil\",\"item\":\"https:\\\/\\\/www.rentila.de\\\/blog\\\/\"},{\"@type\":\"ListItem\",\"position\":2,\"name\":\"Unm\u00f6biliertes oder m\u00f6biliertes Wohnen: F\u00fcr was sollte man sich entscheiden?\"}]},{\"@type\":\"WebSite\",\"@id\":\"https:\\\/\\\/www.rentila.de\\\/blog\\\/#website\",\"url\":\"https:\\\/\\\/www.rentila.de\\\/blog\\\/\",\"name\":\"Rentila - Eigentumsmanagement-Blog f\u00fcr Vermieter\",\"description\":\"\",\"potentialAction\":[{\"@type\":\"SearchAction\",\"target\":{\"@type\":\"EntryPoint\",\"urlTemplate\":\"https:\\\/\\\/www.rentila.de\\\/blog\\\/?s={search_term_string}\"},\"query-input\":{\"@type\":\"PropertyValueSpecification\",\"valueRequired\":true,\"valueName\":\"search_term_string\"}}],\"inLanguage\":\"de\"},{\"@type\":\"Person\",\"@id\":\"https:\\\/\\\/www.rentila.de\\\/blog\\\/#\\\/schema\\\/person\\\/cd3ee2693c194df93db408ccc6b1a838\",\"name\":\"Rentila\",\"url\":\"https:\\\/\\\/www.rentila.de\\\/blog\\\/author\\\/admin\\\/\"}]}<\/script>\n<!-- \/ Yoast SEO plugin. -->","yoast_head_json":{"title":"Unm\u00f6biliertes oder m\u00f6biliertes Wohnen: F\u00fcr was sollte man sich entscheiden? - Rentila","description":"Unm\u00f6biliertes oder m\u00f6biliertes Wohnen: F\u00fcr was sollte man sich entscheiden? - Rentila - Eigentumsmanagement-Blog f\u00fcr Vermieter","robots":{"index":"index","follow":"follow","max-snippet":"max-snippet:-1","max-image-preview":"max-image-preview:large","max-video-preview":"max-video-preview:-1"},"canonical":"https:\/\/www.rentila.de\/blog\/unmoebiliertes-oder-moebiliertes-wohnen-fuer-was-sollte-man-sich-entscheiden\/","og_locale":"de_DE","og_type":"article","og_title":"Unm\u00f6biliertes oder m\u00f6biliertes Wohnen: F\u00fcr was sollte man sich entscheiden? - Rentila","og_description":"Unm\u00f6biliertes oder m\u00f6biliertes Wohnen: F\u00fcr was sollte man sich entscheiden? - Rentila - Eigentumsmanagement-Blog f\u00fcr Vermieter","og_url":"https:\/\/www.rentila.de\/blog\/unmoebiliertes-oder-moebiliertes-wohnen-fuer-was-sollte-man-sich-entscheiden\/","og_site_name":"Rentila - Eigentumsmanagement-Blog f\u00fcr Vermieter","article_published_time":"2019-07-04T14:21:48+00:00","article_modified_time":"2025-11-12T20:48:08+00:00","og_image":[{"width":150,"height":150,"url":"https:\/\/www.rentila.de\/blog\/wp-content\/uploads\/2010\/08\/newspaper.png","type":"image\/png"}],"author":"Rentila","twitter_card":"summary_large_image","twitter_misc":{"Verfasst von":"Rentila","Gesch\u00e4tzte Lesezeit":"8\u00a0Minuten"},"schema":{"@context":"https:\/\/schema.org","@graph":[{"@type":"Article","@id":"https:\/\/www.rentila.de\/blog\/unmoebiliertes-oder-moebiliertes-wohnen-fuer-was-sollte-man-sich-entscheiden\/#article","isPartOf":{"@id":"https:\/\/www.rentila.de\/blog\/unmoebiliertes-oder-moebiliertes-wohnen-fuer-was-sollte-man-sich-entscheiden\/"},"author":{"name":"Rentila","@id":"https:\/\/www.rentila.de\/blog\/#\/schema\/person\/cd3ee2693c194df93db408ccc6b1a838"},"headline":"Unm\u00f6biliertes oder m\u00f6biliertes Wohnen: F\u00fcr was sollte man sich entscheiden?","datePublished":"2019-07-04T14:21:48+00:00","dateModified":"2025-11-12T20:48:08+00:00","mainEntityOfPage":{"@id":"https:\/\/www.rentila.de\/blog\/unmoebiliertes-oder-moebiliertes-wohnen-fuer-was-sollte-man-sich-entscheiden\/"},"wordCount":1402,"image":{"@id":"https:\/\/www.rentila.de\/blog\/unmoebiliertes-oder-moebiliertes-wohnen-fuer-was-sollte-man-sich-entscheiden\/#primaryimage"},"thumbnailUrl":"https:\/\/www.rentila.de\/assets\/img\/blog\/blog_tenants_1.png","articleSection":["Grundlagen"],"inLanguage":"de"},{"@type":"WebPage","@id":"https:\/\/www.rentila.de\/blog\/unmoebiliertes-oder-moebiliertes-wohnen-fuer-was-sollte-man-sich-entscheiden\/","url":"https:\/\/www.rentila.de\/blog\/unmoebiliertes-oder-moebiliertes-wohnen-fuer-was-sollte-man-sich-entscheiden\/","name":"Unm\u00f6biliertes oder m\u00f6biliertes Wohnen: F\u00fcr was sollte man sich entscheiden? - Rentila","isPartOf":{"@id":"https:\/\/www.rentila.de\/blog\/#website"},"primaryImageOfPage":{"@id":"https:\/\/www.rentila.de\/blog\/unmoebiliertes-oder-moebiliertes-wohnen-fuer-was-sollte-man-sich-entscheiden\/#primaryimage"},"image":{"@id":"https:\/\/www.rentila.de\/blog\/unmoebiliertes-oder-moebiliertes-wohnen-fuer-was-sollte-man-sich-entscheiden\/#primaryimage"},"thumbnailUrl":"https:\/\/www.rentila.de\/assets\/img\/blog\/blog_tenants_1.png","datePublished":"2019-07-04T14:21:48+00:00","dateModified":"2025-11-12T20:48:08+00:00","author":{"@id":"https:\/\/www.rentila.de\/blog\/#\/schema\/person\/cd3ee2693c194df93db408ccc6b1a838"},"description":"Unm\u00f6biliertes oder m\u00f6biliertes Wohnen: F\u00fcr was sollte man sich entscheiden? - Rentila - Eigentumsmanagement-Blog f\u00fcr Vermieter","breadcrumb":{"@id":"https:\/\/www.rentila.de\/blog\/unmoebiliertes-oder-moebiliertes-wohnen-fuer-was-sollte-man-sich-entscheiden\/#breadcrumb"},"inLanguage":"de","potentialAction":[{"@type":"ReadAction","target":["https:\/\/www.rentila.de\/blog\/unmoebiliertes-oder-moebiliertes-wohnen-fuer-was-sollte-man-sich-entscheiden\/"]}]},{"@type":"ImageObject","inLanguage":"de","@id":"https:\/\/www.rentila.de\/blog\/unmoebiliertes-oder-moebiliertes-wohnen-fuer-was-sollte-man-sich-entscheiden\/#primaryimage","url":"https:\/\/www.rentila.de\/assets\/img\/blog\/blog_tenants_1.png","contentUrl":"https:\/\/www.rentila.de\/assets\/img\/blog\/blog_tenants_1.png"},{"@type":"BreadcrumbList","@id":"https:\/\/www.rentila.de\/blog\/unmoebiliertes-oder-moebiliertes-wohnen-fuer-was-sollte-man-sich-entscheiden\/#breadcrumb","itemListElement":[{"@type":"ListItem","position":1,"name":"Accueil","item":"https:\/\/www.rentila.de\/blog\/"},{"@type":"ListItem","position":2,"name":"Unm\u00f6biliertes oder m\u00f6biliertes Wohnen: F\u00fcr was sollte man sich entscheiden?"}]},{"@type":"WebSite","@id":"https:\/\/www.rentila.de\/blog\/#website","url":"https:\/\/www.rentila.de\/blog\/","name":"Rentila - Eigentumsmanagement-Blog f\u00fcr Vermieter","description":"","potentialAction":[{"@type":"SearchAction","target":{"@type":"EntryPoint","urlTemplate":"https:\/\/www.rentila.de\/blog\/?s={search_term_string}"},"query-input":{"@type":"PropertyValueSpecification","valueRequired":true,"valueName":"search_term_string"}}],"inLanguage":"de"},{"@type":"Person","@id":"https:\/\/www.rentila.de\/blog\/#\/schema\/person\/cd3ee2693c194df93db408ccc6b1a838","name":"Rentila","url":"https:\/\/www.rentila.de\/blog\/author\/admin\/"}]}},"_links":{"self":[{"href":"https:\/\/www.rentila.de\/blog\/wp-json\/wp\/v2\/posts\/6928","targetHints":{"allow":["GET"]}}],"collection":[{"href":"https:\/\/www.rentila.de\/blog\/wp-json\/wp\/v2\/posts"}],"about":[{"href":"https:\/\/www.rentila.de\/blog\/wp-json\/wp\/v2\/types\/post"}],"author":[{"embeddable":true,"href":"https:\/\/www.rentila.de\/blog\/wp-json\/wp\/v2\/users\/1"}],"replies":[{"embeddable":true,"href":"https:\/\/www.rentila.de\/blog\/wp-json\/wp\/v2\/comments?post=6928"}],"version-history":[{"count":10,"href":"https:\/\/www.rentila.de\/blog\/wp-json\/wp\/v2\/posts\/6928\/revisions"}],"predecessor-version":[{"id":19885,"href":"https:\/\/www.rentila.de\/blog\/wp-json\/wp\/v2\/posts\/6928\/revisions\/19885"}],"wp:attachment":[{"href":"https:\/\/www.rentila.de\/blog\/wp-json\/wp\/v2\/media?parent=6928"}],"wp:term":[{"taxonomy":"category","embeddable":true,"href":"https:\/\/www.rentila.de\/blog\/wp-json\/wp\/v2\/categories?post=6928"},{"taxonomy":"post_tag","embeddable":true,"href":"https:\/\/www.rentila.de\/blog\/wp-json\/wp\/v2\/tags?post=6928"}],"curies":[{"name":"wp","href":"https:\/\/api.w.org\/{rel}","templated":true}]}}