{"id":6980,"date":"2019-07-28T17:17:14","date_gmt":"2019-07-28T15:17:14","guid":{"rendered":"https:\/\/www.rentila.de\/blog\/?p=6980"},"modified":"2025-11-12T22:52:24","modified_gmt":"2025-11-12T20:52:24","slug":"coworking-und-der-mietvertrag","status":"publish","type":"post","link":"https:\/\/www.rentila.de\/blog\/coworking-und-der-mietvertrag\/","title":{"rendered":"Coworking und der Mietvertrag"},"content":{"rendered":"<div><img decoding=\"async\" class=\"alignleft size-full wp-image-516\" title=\"newspaper\" src=\"https:\/\/www.rentila.de\/assets\/img\/blog\/blog_contract_1.png\" alt=\"Coworking und der Mietvertrag\" \/><\/div>\n<p class=\"lead\">Coworking ist auf dem Vormarsch. Gut angepasst an die Bed\u00fcrfnisse von Startups und Unternehmen, die den digitalen Wandel vollzogen haben, stellt diese neue Art von gewerblichem Mieten nichts anderes als ein Gewerbe-Untermietvertrag dar, von welchem viele Berufst\u00e4tige jedoch mehr profitieren. Hierf\u00fcr m\u00fcssen sie lediglich eine Arbeitsfl\u00e4che zum Zwecke der Berufsaus\u00fcbung anmieten. Der Mietpreis der R\u00e4umlichkeit verteilt sich hierbei auf die verschiedenen Mieter entsprechend der von ihnen belegten Arbeitsfl\u00e4che. Diese Art der Anmietung von Gewerber\u00e4umen ist besonders f\u00fcr kleine und junge Unternehmen attraktiv, wobei die Besonderheiten dieser Mietform jedoch bez\u00fcgich der individuellen Tauglichkeit vorab gepr\u00fcft werden sollten.<\/p>\n\n\n<!--more-->\n\n\n\n<h2 class=\"wp-block-heading\" id=\"1\">Coworking ver\u00e4ndert die Mietsituation<\/h2>\n\n\n\n<p>Im Laufe der Jahre hat sich Coworking zu einer immer h\u00e4ufiger vorkommenden Praxis f\u00fcr Berufst\u00e4tige entwickelt. Es sind es vor allem die durch Coworking erzielten Einsparungen, die Berufst\u00e4tige anziehen. Besonders junge Unternehmen und Startups greifen daher zunehmend auf Coworking zur\u00fcck. Die Besonderheit des Coworking besteht darin, dass die Arbeitsfl\u00e4che zeitlich unbegrenzt von wenigen Stunden bis zu mehreren Jahren genutzt werden kann, und jeder Coworker je nach Bedarf die Gr\u00f6\u00dfe der Arbeitsfl\u00e4che bestimmen kann.<\/p>\n\n\n\n<blockquote class=\"wp-block-quote is-layout-flow wp-block-quote-is-layout-flow\"><p>Coworking wird bei Berufst\u00e4tigen immer beliebter. Es ist eine kosteng\u00fcnstige und zeitlich unbegrenzte L\u00f6sung und jeder Coworker kann genau bestimmen, wie viel Fl\u00e4che ben\u00f6tigt wird.<\/p><\/blockquote>\n\n\n\n<p>Es ist nicht zwingend erforderlich, dass Cowoker denselben Beruf in denselben R\u00e4umlichkeiten aus\u00fcben. Ein Unternehmen kann sich dazu entschlie\u00dfen, seine ungenutzten R\u00e4umlichkeiten ganz oder teilweise an ein oder mehrere andere Unternehmen zu vermieten. H\u00e4ufig entscheiden sich die profitierenden Coworker dar\u00fcber hinaus auch f\u00fcr eine gemeinschaftliche Nutzung verschiedener Ger\u00e4te wie Kopierer, Kaffeemaschinen und dem WLAN. Dies alles sind zus\u00e4tzliche Einsparungen, die erzielt werden k\u00f6nnen. Weitere Einsparungen werden auch dadurch erreicht, dass keine hohe Kaution oder Mietkosten f\u00fcr die verbleibende Nutzungsdauer gezahlt werden m\u00fcssen.<\/p>\n\n\n\n<h2 class=\"wp-block-heading\" id=\"2\">Coworking erm\u00f6glicht mehr Entscheidungsspielraum<\/h2>\n\n\n\n<p>Die Entscheidung f\u00fcr Coworking ist eine strategische Entscheidung. Coworking kann von mehreren Unternehmern gemeinsam durchgef\u00fchrt werden, indem diese die vorhandenen B\u00fcrofl\u00e4chen untereinander verteilen. Coworking kann auch von einem Unternehmen initiiert werden, das einen Teil seiner freien Arbeitspl\u00e4tze sinnvoll und \u00f6konomisch nutzen m\u00f6chte. Es ist auch m\u00f6glich, dass eine Privatperson eine bestimmte Fl\u00e4che zur gewerblichen Nutzung an einen Coworker vermietet. <\/p>\n\n\n\n<p>Falls im Gewerbemietvertrag keine Regelung zur M\u00f6glichkeit der Untervermietung nicht genutzter R\u00e4umlichkeiten getroffen ist, bedarf es gem\u00e4\u00df \u00a7 540 BGB der Zustimmung des Vermieters, die R\u00e4umlichkeiten an Coworker vermieten zu k\u00f6nnen. Selbiges gilt f\u00fcr private Mieter, welche untervermieten m\u00f6chten.<\/p>\n\n\n\n<h2 class=\"wp-block-heading\" id=\"3\">Vorteile des Coworking<\/h2>\n\n\n\n<p>Coworking bietet zahlreiche Vorteile, welche sich in vier Kategorien einteilen lassen:<\/p>\n\n\n\n<ul class=\"wp-block-list\"><li>Coworking bietet vor allem finanzielle Vorteile. Die Aufteilung der Mietkosten, die gemeinsame Nutzung von Ressourcen und die geringe Kaution sind sicherlich die wichtigsten.<\/li><li>Unternehmen, welche Coworking betreiben, k\u00f6nnen mit anderen Coworkern berufliche Kontakte kn\u00fcpfen. Somit ist Coworking eine kosteng\u00fcnstige M\u00f6glichkeit, schnell ein Netzwerk aufzubauen. Die heutigen Unternehmen, besonders diejenigen, die von der digitalen Verkn\u00fcpfung wirtschaftlich abh\u00e4ngen, profitieren dadurch.<\/li><li>Coworking hat auch einen besonderen Vorteil f\u00fcr junge Unternehmen, Freiberufler und Startups, da Coworking es diesen erleichtert, sich beruflich zu etablieren. Im Gegensatz zu einem klassischen Gewerbemietvertrag besteht eine viel bessere Flexibilit\u00e4t hinsichtlich der Dauer der Anmietung der B\u00fcrofl\u00e4chen sowie bez\u00fcglich deren Gr\u00f6\u00dfe.<\/li><li>Startups m\u00fcssen nicht mehr lange Mietzeitr\u00e4ume in Kauf nehmen, durch welche die Miete eine au\u00dferordentlich hohe Belastung in einer noch nicht stabilisierten finanziellen Situation darstellt. Untermietvertr\u00e4ge bei Coworking erfordern keinen Abschluss von Jahresmietvertr\u00e4gen, sondern k\u00f6nnen je nach Bedarf zeitlich flexibel gestaltet werden.<\/li><\/ul>\n\n\n\n<h2 class=\"wp-block-heading\" id=\"4\">Coworking hat nur wenige Nachteile<\/h2>\n\n\n\n<p>Die Nachteile des Coworking halten sich stark in Grenzen. Diese bestehen letztlich nur in der gemeinsamen Nutzung der R\u00e4umlichkeiten. Manche Berufst\u00e4tige haben Schwierigkeiten, mit anderen Berufst\u00e4tigen in denselben R\u00e4umen zu arbeiten und sich mit diesen bei der gemeinsamen Nutzung von Ger\u00e4ten zu arrangieren, insbesondere wenn diese Personen nicht demselben Unternehmen angeh\u00f6ren. Da es sich bei Coworking R\u00e4umlichkeiten oft um gro\u00dfe offene R\u00e4ume handelt, in welchen dutzende B\u00fcros ohne Abgrenzung untergebracht sind, z\u00e4hlen Konzentrationsschwierigkeiten zu den h\u00e4ufigsten Problemen. Dies l\u00e4sst sich jedoch vermeiden, indem ger\u00e4uschempfindliche Menschen gezielt nach Coworking Angeboten suchen, die kleine geschlossene R\u00e4ume zur Verf\u00fcgung stellen. Ein weiteres Problem der gro\u00dfen offenen R\u00e4umlichkeiten liegt in der Privatsph\u00e4re. Unternehmen und Freiberufler sind h\u00e4ufig darauf angewiesen, gewisse Betriebsgeheimnisse zu bewahren und die Arbeit in einem Gro\u00dfraumb\u00fcro, besonders mit anderen Berufst\u00e4tigen, welche nicht demselben Unternehmen angeh\u00f6ren, setzt diesen einem gewissen Risiko aus. Aus diesem Grund ist es wichtig, Strategien zu entwickeln, und Regeln f\u00fcr Angestellte aufzustellen, die die Datensicherheit gew\u00e4hren.<\/p>\n\n\n\n<h2 class=\"wp-block-heading\" id=\"5\">Einige Regeln m\u00fcssen eingehalten werden<\/h2>\n\n\n\n<p>Es ergeben sich dieselben Rechte und Pflichten von Mieter und Vermieter bei einem Mietvertrag f\u00fcr einen Coworking Arbeitsplatz wie bei jedem anderen gewerblichen Mietvertrag. Auch die Form des Mietvertrages ist im Gro\u00dfen und Ganzen gleich. Der Name von Mieter und Vermieter sowie die Adresse der gemieteten Gewerbefl\u00e4che m\u00fcssen aufgef\u00fchrt werden. Es sollte auch eine Gesch\u00e4ftsordnung beigef\u00fcgt und unterschrieben werden, welche die Rechte und Pflichten des Coworkers gegen\u00fcber dem Vermieter, aber auch gegen\u00fcber anderen Coworkern, auff\u00fchrt. Diese Gesch\u00e4ftsordnung ist ein wichtiges Dokument, das im Falle eines Gerichtsverfahrens zu Beweiszwecken herangezogen werden kann. Im \u00dcbrigen empfiehlt sich eine Inventarliste, aus welcher hervorgeht, welche B\u00fcro- oder Betriebsausstattung \u00fcbernommen oder genutzt wird.<\/p>\n\n\n\n<p>Zus\u00e4tzlich zur p\u00fcnktlichen Zahlung der Miete sind Coworker dazu verpflichtet, die angemieteten R\u00e4umlichkeiten nur zu den im Vertrag festgelegten Zwecken zu nutzen. Jede Ver\u00e4nderung der gemieteten R\u00e4umlichkeiten sollte erst nach Genehmigung des Vermieters erfolgen. Au\u00dferdem ist der Mieter dazu verpflichtet, die R\u00e4umlichkeiten und angemieteten Gegenst\u00e4nde pfleglich zu nutzen.<\/p>\n\n\n\n<h2 class=\"wp-block-heading\" id=\"6\">Coworker sind nicht gemeinsam haftbar<\/h2>\n\n\n\n<p>Die Haftbarkeit des Coworker ergibt sich aus den gesetzlichen Vorschriften und den AGB. Falls ein Coworker die Miete nicht bezahlt, hat dies keine Auswirkung auf andere Coworker, da diese in einem separaten Mietverh\u00e4ltnis stehen. Bez\u00fcglich anderer Sch\u00e4den gemeinsam genutzter R\u00e4umlichkeiten oder Gegenst\u00e4nde kommt es auf die pers\u00f6nliche Verantwortlichkeit des Coworkers an.<\/p>\n\n\n\n<p>Bez\u00fcglich der Haftung des Vermieters f\u00fcr von anderen Coworkern verursachten Sch\u00e4den befindet sich in den AGB in der Regel eine Klausel, welche eine solche Haftung ausschlie\u00dft.<\/p>\n\n\n<div class=\"alert alert-info\">\n<p><span class=\"lead\">Vorlage eines Coworking-Untermietvertrages<\/span><\/p>\n<p>Laden Sie hier eine <a href=\"https:\/\/www.rentila.de\/content\/Models_DE\/landlord\/Ubergabeprotokoll.doc\">kostenlose Vorlage f\u00fcr einen Coworking Untermietvertrag<\/a> herunter.<\/p>\n<\/div>\n<div class=\"alert alert-success\">\n<p><span class=\"lead\">Wie man Coworking mit Rentila verwaltet<\/span><\/p>\n<p>Beim Erstellen eines Mietverh\u00e4ltnisses k\u00f6nnen Sie mehrere Mieter hinzuf\u00fcgen. Es gen\u00fcgt, auf die Schaltfl\u00e4che Hinzuf\u00fcgen eines Mieters zu klicken, den Mieter auszuw\u00e4hlen und diesen zu best\u00e4tigen. <a href=\"https:\/\/www.rentila.de\/support\/archives\/1679\" target=\"_blank\" rel=\"noopener noreferrer\">Erfahren Sie mehr.<\/a><\/p>\n<\/div>","protected":false},"excerpt":{"rendered":"<p>Coworking ist auf dem Vormarsch. Gut angepasst an die Bed\u00fcrfnisse von Startups und Unternehmen, die den digitalen Wandel vollzogen haben, stellt diese neue Art von gewerblichem Mieten nichts anderes als ein Gewerbe-Untermietvertrag dar, von welchem viele Berufst\u00e4tige jedoch mehr profitieren. Hierf\u00fcr m\u00fcssen sie lediglich eine Arbeitsfl\u00e4che zum Zwecke der Berufsaus\u00fcbung anmieten. Der Mietpreis der R\u00e4umlichkeit [&hellip;]<\/p>\n","protected":false},"author":1,"featured_media":0,"comment_status":"closed","ping_status":"closed","sticky":false,"template":"","format":"standard","meta":{"footnotes":""},"categories":[172],"tags":[],"class_list":["post-6980","post","type-post","status-publish","format-standard","hentry","category-basics"],"yoast_head":"<!-- This site is optimized with the Yoast SEO plugin v27.4 - https:\/\/yoast.com\/product\/yoast-seo-wordpress\/ -->\n<title>Coworking und der Mietvertrag - Rentila<\/title>\n<meta name=\"description\" content=\"Coworking und der Mietvertrag - Rentila - Eigentumsmanagement-Blog f\u00fcr Vermieter\" \/>\n<meta name=\"robots\" content=\"index, follow, max-snippet:-1, max-image-preview:large, max-video-preview:-1\" \/>\n<link rel=\"canonical\" href=\"https:\/\/www.rentila.de\/blog\/coworking-und-der-mietvertrag\/\" \/>\n<meta property=\"og:locale\" content=\"de_DE\" \/>\n<meta property=\"og:type\" content=\"article\" \/>\n<meta property=\"og:title\" content=\"Coworking und der Mietvertrag - Rentila\" \/>\n<meta property=\"og:description\" content=\"Coworking und der Mietvertrag - Rentila - Eigentumsmanagement-Blog f\u00fcr Vermieter\" \/>\n<meta property=\"og:url\" content=\"https:\/\/www.rentila.de\/blog\/coworking-und-der-mietvertrag\/\" \/>\n<meta property=\"og:site_name\" content=\"Rentila - Eigentumsmanagement-Blog f\u00fcr Vermieter\" \/>\n<meta property=\"article:published_time\" content=\"2019-07-28T15:17:14+00:00\" \/>\n<meta property=\"article:modified_time\" content=\"2025-11-12T20:52:24+00:00\" \/>\n<meta property=\"og:image\" content=\"https:\/\/www.rentila.de\/blog\/wp-content\/uploads\/2010\/08\/newspaper.png\" \/>\n\t<meta property=\"og:image:width\" content=\"150\" \/>\n\t<meta property=\"og:image:height\" content=\"150\" \/>\n\t<meta property=\"og:image:type\" content=\"image\/png\" \/>\n<meta name=\"author\" content=\"Rentila\" \/>\n<meta name=\"twitter:card\" content=\"summary_large_image\" \/>\n<meta name=\"twitter:label1\" content=\"Verfasst von\" \/>\n\t<meta name=\"twitter:data1\" content=\"Rentila\" \/>\n\t<meta name=\"twitter:label2\" content=\"Gesch\u00e4tzte Lesezeit\" \/>\n\t<meta name=\"twitter:data2\" content=\"6\u00a0Minuten\" \/>\n<script type=\"application\/ld+json\" class=\"yoast-schema-graph\">{\"@context\":\"https:\\\/\\\/schema.org\",\"@graph\":[{\"@type\":\"Article\",\"@id\":\"https:\\\/\\\/www.rentila.de\\\/blog\\\/coworking-und-der-mietvertrag\\\/#article\",\"isPartOf\":{\"@id\":\"https:\\\/\\\/www.rentila.de\\\/blog\\\/coworking-und-der-mietvertrag\\\/\"},\"author\":{\"name\":\"Rentila\",\"@id\":\"https:\\\/\\\/www.rentila.de\\\/blog\\\/#\\\/schema\\\/person\\\/cd3ee2693c194df93db408ccc6b1a838\"},\"headline\":\"Coworking und der Mietvertrag\",\"datePublished\":\"2019-07-28T15:17:14+00:00\",\"dateModified\":\"2025-11-12T20:52:24+00:00\",\"mainEntityOfPage\":{\"@id\":\"https:\\\/\\\/www.rentila.de\\\/blog\\\/coworking-und-der-mietvertrag\\\/\"},\"wordCount\":1133,\"image\":{\"@id\":\"https:\\\/\\\/www.rentila.de\\\/blog\\\/coworking-und-der-mietvertrag\\\/#primaryimage\"},\"thumbnailUrl\":\"https:\\\/\\\/www.rentila.de\\\/assets\\\/img\\\/blog\\\/blog_contract_1.png\",\"articleSection\":[\"Grundlagen\"],\"inLanguage\":\"de\"},{\"@type\":\"WebPage\",\"@id\":\"https:\\\/\\\/www.rentila.de\\\/blog\\\/coworking-und-der-mietvertrag\\\/\",\"url\":\"https:\\\/\\\/www.rentila.de\\\/blog\\\/coworking-und-der-mietvertrag\\\/\",\"name\":\"Coworking und der Mietvertrag - Rentila\",\"isPartOf\":{\"@id\":\"https:\\\/\\\/www.rentila.de\\\/blog\\\/#website\"},\"primaryImageOfPage\":{\"@id\":\"https:\\\/\\\/www.rentila.de\\\/blog\\\/coworking-und-der-mietvertrag\\\/#primaryimage\"},\"image\":{\"@id\":\"https:\\\/\\\/www.rentila.de\\\/blog\\\/coworking-und-der-mietvertrag\\\/#primaryimage\"},\"thumbnailUrl\":\"https:\\\/\\\/www.rentila.de\\\/assets\\\/img\\\/blog\\\/blog_contract_1.png\",\"datePublished\":\"2019-07-28T15:17:14+00:00\",\"dateModified\":\"2025-11-12T20:52:24+00:00\",\"author\":{\"@id\":\"https:\\\/\\\/www.rentila.de\\\/blog\\\/#\\\/schema\\\/person\\\/cd3ee2693c194df93db408ccc6b1a838\"},\"description\":\"Coworking und der Mietvertrag - Rentila - Eigentumsmanagement-Blog f\u00fcr Vermieter\",\"breadcrumb\":{\"@id\":\"https:\\\/\\\/www.rentila.de\\\/blog\\\/coworking-und-der-mietvertrag\\\/#breadcrumb\"},\"inLanguage\":\"de\",\"potentialAction\":[{\"@type\":\"ReadAction\",\"target\":[\"https:\\\/\\\/www.rentila.de\\\/blog\\\/coworking-und-der-mietvertrag\\\/\"]}]},{\"@type\":\"ImageObject\",\"inLanguage\":\"de\",\"@id\":\"https:\\\/\\\/www.rentila.de\\\/blog\\\/coworking-und-der-mietvertrag\\\/#primaryimage\",\"url\":\"https:\\\/\\\/www.rentila.de\\\/assets\\\/img\\\/blog\\\/blog_contract_1.png\",\"contentUrl\":\"https:\\\/\\\/www.rentila.de\\\/assets\\\/img\\\/blog\\\/blog_contract_1.png\"},{\"@type\":\"BreadcrumbList\",\"@id\":\"https:\\\/\\\/www.rentila.de\\\/blog\\\/coworking-und-der-mietvertrag\\\/#breadcrumb\",\"itemListElement\":[{\"@type\":\"ListItem\",\"position\":1,\"name\":\"Accueil\",\"item\":\"https:\\\/\\\/www.rentila.de\\\/blog\\\/\"},{\"@type\":\"ListItem\",\"position\":2,\"name\":\"Coworking und der Mietvertrag\"}]},{\"@type\":\"WebSite\",\"@id\":\"https:\\\/\\\/www.rentila.de\\\/blog\\\/#website\",\"url\":\"https:\\\/\\\/www.rentila.de\\\/blog\\\/\",\"name\":\"Rentila - Eigentumsmanagement-Blog f\u00fcr Vermieter\",\"description\":\"\",\"potentialAction\":[{\"@type\":\"SearchAction\",\"target\":{\"@type\":\"EntryPoint\",\"urlTemplate\":\"https:\\\/\\\/www.rentila.de\\\/blog\\\/?s={search_term_string}\"},\"query-input\":{\"@type\":\"PropertyValueSpecification\",\"valueRequired\":true,\"valueName\":\"search_term_string\"}}],\"inLanguage\":\"de\"},{\"@type\":\"Person\",\"@id\":\"https:\\\/\\\/www.rentila.de\\\/blog\\\/#\\\/schema\\\/person\\\/cd3ee2693c194df93db408ccc6b1a838\",\"name\":\"Rentila\",\"url\":\"https:\\\/\\\/www.rentila.de\\\/blog\\\/author\\\/admin\\\/\"}]}<\/script>\n<!-- \/ Yoast SEO plugin. -->","yoast_head_json":{"title":"Coworking und der Mietvertrag - Rentila","description":"Coworking und der Mietvertrag - Rentila - Eigentumsmanagement-Blog f\u00fcr Vermieter","robots":{"index":"index","follow":"follow","max-snippet":"max-snippet:-1","max-image-preview":"max-image-preview:large","max-video-preview":"max-video-preview:-1"},"canonical":"https:\/\/www.rentila.de\/blog\/coworking-und-der-mietvertrag\/","og_locale":"de_DE","og_type":"article","og_title":"Coworking und der Mietvertrag - Rentila","og_description":"Coworking und der Mietvertrag - Rentila - Eigentumsmanagement-Blog f\u00fcr Vermieter","og_url":"https:\/\/www.rentila.de\/blog\/coworking-und-der-mietvertrag\/","og_site_name":"Rentila - Eigentumsmanagement-Blog f\u00fcr Vermieter","article_published_time":"2019-07-28T15:17:14+00:00","article_modified_time":"2025-11-12T20:52:24+00:00","og_image":[{"width":150,"height":150,"url":"https:\/\/www.rentila.de\/blog\/wp-content\/uploads\/2010\/08\/newspaper.png","type":"image\/png"}],"author":"Rentila","twitter_card":"summary_large_image","twitter_misc":{"Verfasst von":"Rentila","Gesch\u00e4tzte Lesezeit":"6\u00a0Minuten"},"schema":{"@context":"https:\/\/schema.org","@graph":[{"@type":"Article","@id":"https:\/\/www.rentila.de\/blog\/coworking-und-der-mietvertrag\/#article","isPartOf":{"@id":"https:\/\/www.rentila.de\/blog\/coworking-und-der-mietvertrag\/"},"author":{"name":"Rentila","@id":"https:\/\/www.rentila.de\/blog\/#\/schema\/person\/cd3ee2693c194df93db408ccc6b1a838"},"headline":"Coworking und der Mietvertrag","datePublished":"2019-07-28T15:17:14+00:00","dateModified":"2025-11-12T20:52:24+00:00","mainEntityOfPage":{"@id":"https:\/\/www.rentila.de\/blog\/coworking-und-der-mietvertrag\/"},"wordCount":1133,"image":{"@id":"https:\/\/www.rentila.de\/blog\/coworking-und-der-mietvertrag\/#primaryimage"},"thumbnailUrl":"https:\/\/www.rentila.de\/assets\/img\/blog\/blog_contract_1.png","articleSection":["Grundlagen"],"inLanguage":"de"},{"@type":"WebPage","@id":"https:\/\/www.rentila.de\/blog\/coworking-und-der-mietvertrag\/","url":"https:\/\/www.rentila.de\/blog\/coworking-und-der-mietvertrag\/","name":"Coworking und der Mietvertrag - Rentila","isPartOf":{"@id":"https:\/\/www.rentila.de\/blog\/#website"},"primaryImageOfPage":{"@id":"https:\/\/www.rentila.de\/blog\/coworking-und-der-mietvertrag\/#primaryimage"},"image":{"@id":"https:\/\/www.rentila.de\/blog\/coworking-und-der-mietvertrag\/#primaryimage"},"thumbnailUrl":"https:\/\/www.rentila.de\/assets\/img\/blog\/blog_contract_1.png","datePublished":"2019-07-28T15:17:14+00:00","dateModified":"2025-11-12T20:52:24+00:00","author":{"@id":"https:\/\/www.rentila.de\/blog\/#\/schema\/person\/cd3ee2693c194df93db408ccc6b1a838"},"description":"Coworking und der Mietvertrag - Rentila - Eigentumsmanagement-Blog f\u00fcr Vermieter","breadcrumb":{"@id":"https:\/\/www.rentila.de\/blog\/coworking-und-der-mietvertrag\/#breadcrumb"},"inLanguage":"de","potentialAction":[{"@type":"ReadAction","target":["https:\/\/www.rentila.de\/blog\/coworking-und-der-mietvertrag\/"]}]},{"@type":"ImageObject","inLanguage":"de","@id":"https:\/\/www.rentila.de\/blog\/coworking-und-der-mietvertrag\/#primaryimage","url":"https:\/\/www.rentila.de\/assets\/img\/blog\/blog_contract_1.png","contentUrl":"https:\/\/www.rentila.de\/assets\/img\/blog\/blog_contract_1.png"},{"@type":"BreadcrumbList","@id":"https:\/\/www.rentila.de\/blog\/coworking-und-der-mietvertrag\/#breadcrumb","itemListElement":[{"@type":"ListItem","position":1,"name":"Accueil","item":"https:\/\/www.rentila.de\/blog\/"},{"@type":"ListItem","position":2,"name":"Coworking und der Mietvertrag"}]},{"@type":"WebSite","@id":"https:\/\/www.rentila.de\/blog\/#website","url":"https:\/\/www.rentila.de\/blog\/","name":"Rentila - Eigentumsmanagement-Blog f\u00fcr Vermieter","description":"","potentialAction":[{"@type":"SearchAction","target":{"@type":"EntryPoint","urlTemplate":"https:\/\/www.rentila.de\/blog\/?s={search_term_string}"},"query-input":{"@type":"PropertyValueSpecification","valueRequired":true,"valueName":"search_term_string"}}],"inLanguage":"de"},{"@type":"Person","@id":"https:\/\/www.rentila.de\/blog\/#\/schema\/person\/cd3ee2693c194df93db408ccc6b1a838","name":"Rentila","url":"https:\/\/www.rentila.de\/blog\/author\/admin\/"}]}},"_links":{"self":[{"href":"https:\/\/www.rentila.de\/blog\/wp-json\/wp\/v2\/posts\/6980","targetHints":{"allow":["GET"]}}],"collection":[{"href":"https:\/\/www.rentila.de\/blog\/wp-json\/wp\/v2\/posts"}],"about":[{"href":"https:\/\/www.rentila.de\/blog\/wp-json\/wp\/v2\/types\/post"}],"author":[{"embeddable":true,"href":"https:\/\/www.rentila.de\/blog\/wp-json\/wp\/v2\/users\/1"}],"replies":[{"embeddable":true,"href":"https:\/\/www.rentila.de\/blog\/wp-json\/wp\/v2\/comments?post=6980"}],"version-history":[{"count":11,"href":"https:\/\/www.rentila.de\/blog\/wp-json\/wp\/v2\/posts\/6980\/revisions"}],"predecessor-version":[{"id":19897,"href":"https:\/\/www.rentila.de\/blog\/wp-json\/wp\/v2\/posts\/6980\/revisions\/19897"}],"wp:attachment":[{"href":"https:\/\/www.rentila.de\/blog\/wp-json\/wp\/v2\/media?parent=6980"}],"wp:term":[{"taxonomy":"category","embeddable":true,"href":"https:\/\/www.rentila.de\/blog\/wp-json\/wp\/v2\/categories?post=6980"},{"taxonomy":"post_tag","embeddable":true,"href":"https:\/\/www.rentila.de\/blog\/wp-json\/wp\/v2\/tags?post=6980"}],"curies":[{"name":"wp","href":"https:\/\/api.w.org\/{rel}","templated":true}]}}