{"id":7013,"date":"2019-09-01T23:16:37","date_gmt":"2019-09-01T21:16:37","guid":{"rendered":"https:\/\/www.rentila.de\/blog\/?p=7013"},"modified":"2025-11-12T22:49:04","modified_gmt":"2025-11-12T20:49:04","slug":"reduzierung-der-miete-gegen-arbeit-was-sie-wissen-muessen","status":"publish","type":"post","link":"https:\/\/www.rentila.de\/blog\/reduzierung-der-miete-gegen-arbeit-was-sie-wissen-muessen\/","title":{"rendered":"Reduzierung der Miete gegen Arbeit: Was Sie wissen m\u00fcssen"},"content":{"rendered":"<div><img decoding=\"async\" class=\"alignleft size-full wp-image-516\" title=\"newspaper\" src=\"https:\/\/www.rentila.de\/assets\/img\/blog\/blog_renovation.png\" alt=\"Reduzierung der Miete gegen Arbeit\" \/><\/div>\n<p class=\"lead\">Wollen Sie eine Immobilie zur Vermietung anbieten, diese ist jedoch noch renovierungsbed\u00fcrftig? Haben Sie den perfekten Mieter gefunden, aber dieser m\u00f6chte noch gerne \u00c4nderungen vornehmen? Sind Sie mit \u00c4nderungen an dem Mietobjekt einverstanden, haben jedoch momentan nicht die finanziellen Mittel, diese selber vorzunehmen? Haben Sie sich schon \u00fcberlegt, ob eine Reduzierung der Miete gegen Arbeit eine gute L\u00f6sung f\u00fcr Sie ist? Sie haben bereits davon geh\u00f6rt, m\u00f6chten aber noch mehr dar\u00fcber erfahren? Sie fragen sich, welche Renovierungsarbeiten in Frage kommen und wie Sie am besten vorgehen? Seien Sie versichert, wir erkl\u00e4ren Ihnen alle Einzelheiten und Schritte eines solchen Arrangements.<\/p>\n\n\n<!--more-->\n\n\n\n<h2 class=\"wp-block-heading\" id=\"1\">Reduzierung der Miete gegen Arbeit: Was ist das genau?<\/h2>\n\n\n\n<p>Das Konzept der Reduzierung der Miete gegen Arbeit in erster Linie eine Vereinbarung zwischen zwei Parteien: dem Vermieter (oder der ihn vertretenden Person) und dem Mieter. Die eine Partei bietet die Anmietung eines Mietobjektes an, das jedoch noch die Fertigstellung einiger Arbeiten erfordert, um komfortabler zu werden; die andere Partei schl\u00e4gt vor oder erkl\u00e4rt sich damit einverstanden, die Durchf\u00fchrung dieser Arbeiten und die notwendigen Kosten gegen eine Reduzierung der Miete zu \u00fcbernehmen. Nat\u00fcrlich muss die Vereinbarung schriftlich erfolgen, um die Rechte beider Parteien zu gew\u00e4hrleisten.<\/p>\n\n\n\n<p>Diese Vereinbarung kann sowohl f\u00fcr die Vermietung einer unm\u00f6bilierten als auch einer m\u00f6blierten Wohnung getroffen werden. Au\u00dferdem k\u00f6nnen die beiden Parteien das Arrangement sowohl bei Unterzeichnung des Mietvertrages als auch nachtr\u00e4glich w\u00e4hrend der Mietzeit treffen: hiernach bestimmt sich auch das Vorgehen bei der Vornahme der Vereinbarung.<\/p>\n\n\n\n<p>Sobald sich beide Parteien \u00fcber die Einzelheiten der Ausf\u00fchrung der Arbeiten und die Kosten geeinigt haben, m\u00fcssen sie lediglich die Bedingungen f\u00fcr die finanzielle Entsch\u00e4digung des Mieters aushandeln: Wie stark wird die Miete reduziert und \u00fcber wie viele Monate. Hierbei ist zu beachten, dass die Reduzierung nur die Miete betrifft und keine Mietkosten beinhalten kann: Strom- und Gaskosten, Steuern, Betriebs- und Wartungskosten, usw. <\/p>\n\n\n\n<p>Wichtig ist des Weiteren, dass im Mietvertrag festgehalten wird, dass der Mieter nach Vertragsende nicht dazu verpflichtet ist, das Mietobjekt in den urspr\u00fcnglichen Zustand zur\u00fcckzuversetzen. Die notwendige Zustimmung der Vermieters bez\u00fcglich der Renovierungsarbeiten stellt n\u00e4mlich weder einen Verzicht auf den R\u00fcckbau bei Vertragsende dar, noch gew\u00e4hrt sie dem Mieter ein Recht auf finanziellen Ersatz f\u00fcr seine Aufwendungen.<\/p>\n\n\n\n<h2 class=\"wp-block-heading\" id=\"2\">Wie kann man von der Mietminderung gegen Arbeit profitieren? <\/h2>\n\n\n\n<p>Die erste Voraussetzung besteht darin, dass beide Parteien zu einem solchen Arrangement bereit sind und sich in allen Einzelheiten geeinigt haben. Bevor Sie eine solche Vereinbarung in Betracht ziehen, sollten Sie sich mit allen m\u00f6glichen Konsequenzen auseinandersetzen. <\/p>\n\n\n\n<p>Das Gesetz ist eindeutig: Der Vermieter muss einen angemessenen Wohnraum zur Verf\u00fcgung stellen, der lebenswert ist und kein Risiko f\u00fcr die physische Sicherheit oder die Gesundheit des Mieters darstellt. Dies betrifft sowohl den Zustand des Mietobjektes und des Geb\u00e4udes als auch die Ausstattung. Der Vermieter hat daher kein Recht, eine Vereinbarung \u00fcber eine Reduzierung der Miete gegen Arbeit in den Mietvertrag aufzunehmen, obwohl er in erster Linie bereits kein sicheres und lebensw\u00fcrdiges Mietobjekt bereitstellt. Ein Minimum an Energieeffizienz ist ebenfalls ohnehin zu gew\u00e4hrleisten. Ebenso k\u00f6nnen beide Parteien eine Klausel dieser Art nicht in den Mietvertrag f\u00fcr eine im Bau befindliche Wohnung aufnehmen. Kurz gesagt, das Arbeit-gegen-Mietreduzierungs-Arrangement kann nur durchgef\u00fchrt werden, wenn das Mietobjekt den gesetzlichen Standards entspricht und bezugsfertig ist.<\/p>\n\n\n\n<p>Folglich handelt sich bei den von einem solchen Arrangement betroffenen Arbeiten um Verbesserungs- und Wartungsarbeiten, die weder gesetzlich verpflichtend noch dringend sind. Beide Parteien k\u00f6nnen Malerarbeiten vereinbaren oder den thermischen und akustischen Zustand des Mietobjektes verbessern. Reparaturen unterschiedlicher Art sind ebenfalls von einer solchen Vereinbarung betroffen. Auch andere Einrichtungsgegenst\u00e4nde und Ausstattungen wie bessere Sanit\u00e4ranlagen k\u00f6nnen auf Kosten des Mieters gegen eine geringere Miete ge\u00e4ndert werden. Es gen\u00fcgt, die gesetzlich vorgeschriebenen Gesundheitsstandards einzuhalten, und f\u00fcr den Rest k\u00f6nnen die beiden Parteien je nach Gefallen Vereinbarungen treffen.<\/p>\n\n\n\n<p>Wenn Sie Zweifel haben, welche Art von Arbeiten in Frage kommen, wie die Kosten zu verteilen sind, oder welche Verantwortung die einzelnen Vertragsparteien haben, ist es besser, sich von einem Experten beraten zu lassen.<\/p>\n\n\n<div class=\"alert alert-warning\">\n<p><span class=\"lead\">Achtung!<\/span><\/p>\n<p>Verwechseln Sie die Verbesserungsarbeiten nicht mit gesetzlich vorgeschriebenen Arbeiten des Vermieters. Wenn sich w\u00e4hrend des Mietverh\u00e4ltnisses der Wohnzustand ohne Verschulden des Mieters verschlechtert und dringende Arbeiten zur Sicherheit der Bewohner oder zur Gew\u00e4hrleistung eines Mindeststandards erforderlich sind, muss sich der Vermieter darum k\u00fcmmern. Kommt der Vermieter seiner Pflicht unter Fristsetzung nicht nach, kann sich hieraus ein Mietminderungsrecht des Mieters ergeben.<\/p>\n<\/div>\n\n\n<h2 class=\"wp-block-heading\" id=\"3\">Wie kann man diese Abmachung formalisieren?<\/h2>\n\n\n\n<p>In Anbetracht der hohen Kosten, die durch Renovierungsarbeiten verursacht werden k\u00f6nnen, sollte jeglicher Art von Problemen\/ Missverst\u00e4ndnissen vorgebeugt werden, indem die Parteien die Details der Arbeiten m\u00f6glichst klar und pr\u00e4zise schriftlich festhalten. Das genaue Vorgehen unterscheidet sich je nach Zeitpunkt der Vereinbarung: Bei Unterzeichnung des Vertrages oder w\u00e4hrend der Mietzeit.<\/p>\n\n\n\n<ul class=\"wp-block-list\"><li>Im ersten Fall: Sobald sich die Parteien dar\u00fcber einig sind, welche Verbesserungsarbeiten ausgef\u00fchrt werden sollen, und in welcher H\u00f6he diese finanziell zu entsch\u00e4digen sind, sollte eine entsprechende Klausel in den Mietvertrag vor Unterzeichnen des Vertrages hinzugef\u00fcgt werden.<\/li><\/ul>\n\n\n<div class=\"letter-text m-t-20 m-b-20\">\n<p>Entsprechend der Einigung zwischen dem Vermieter und Mieter, die Miete zu reduzieren, und im Gegenzug Arbeiten durch den Mieter\/ einen vom Mieter beauftragten Fachhandwerker auf Kosten des Mieters auszuf\u00fchren, haben die Parteien folgende \u00c4nderungen an dem Mietobjekt beschlossen:<\/p>\n<p>(Beschreiben Sie detailliert die Art der Arbeiten, der Betrag um welche die Miete reduziert wird, und der Zeitpunkt zu welchem die Arbeiten ausgef\u00fchrt werden sollen.)<\/p>\n<p>Der Vermieter erkl\u00e4rt sich damit einverstanden, dass der Mieter das Mietobjekt bez\u00fcglich der vereinbarten Ver\u00e4nderungen nicht in dessen urspr\u00fcnglichen Zustand nach Vertragsende zur\u00fcckversetzen muss.<\/p>\n<\/div>\n\n\n<ul class=\"wp-block-list\"><li>Im zweiten Fall: Da der Mietvertrag bereits unterzeichnet worden ist, muss eine separate schriftliche Vereinbarung aufgesetzt und von beiden Parteien unterzeichnet werden.<\/li><\/ul>\n\n\n\n<p>Welche Einzelheiten sollten in der schriftlichen Vereinbarung erw\u00e4hnt werden? In beiden der oben genannten F\u00e4lle sollte Folgendes festgehalten werden:<\/p>\n\n\n\n<ul class=\"wp-block-list\"><li>Die Art der Arbeiten, die von dem Mieter durchgef\u00fchrt werden.<\/li><li>Die Summe, um welche die Miete im Gegenzug herabgesetzt wird. <\/li><li>Der Zeitpunkt, zu welchem die Arbeiten sp\u00e4testens ausgef\u00fchrt worden sein m\u00fcssen.<\/li><li>Die Art, auf welche die Arbeiten auszuf\u00fchren sind (durch den Mieter oder durch einen Handwerker).<\/li><li>Der Verzicht des Vermieters darauf, dass der Mieter die Wohnung bei Auszug in den urspr\u00fcnglichen Zustand zur\u00fcckzuversetzen hat.<\/li><li>Die Kosten f\u00fcr die Arbeiten.<\/li><\/ul>\n\n\n\n<p>Beide Parteien k\u00f6nnen Angebote von Handwerkern vorlegen und sich vor dem Unterzeichnen der Vereinbarung auf das beste Kosten-Leistungs-Angebot einigen. Die Details \u00fcber die Ausf\u00fchrung der Arbeiten sowie die Mietreduzierung sind die wichtigsten Punkte. Alles muss pr\u00e4zise festgehalten werden: Der Betrag und die Dauer der monatlichen Reduzierung.<\/p>\n\n\n\n<p>Denken Sie auch daran, eine Entsch\u00e4digung f\u00fcr den Fall festzulegen, dass der Mieter vor Beendigung des Arrangements auszieht.<\/p>\n\n\n<div class=\"rpbt_shortcode\">\n<h3>Related Posts<\/h3>\n<ul>\n\t\t\t\t\t\n\t\t\t<li>\n\t\t\t\t<a href=\"https:\/\/www.rentila.de\/blog\/investition-in-mieetimmobilien-ein-ratgeber\/\">Der ultimative Ratgeber zur Investition in Mietimmobilien<\/a>\n\t\t\t<\/li>\n\t\t\t\t\t\n\t\t\t<li>\n\t\t\t\t<a href=\"https:\/\/www.rentila.de\/blog\/was-ist-eine-mietausfallversicherung\/\">Was ist eine Mietausfall\u00adversicherung und lohnt sie sich f\u00fcr Vermieter?\u00a0<\/a>\n\t\t\t<\/li>\n\t\t\t\t\t\n\t\t\t<li>\n\t\t\t\t<a href=\"https:\/\/www.rentila.de\/blog\/die-vor-und-nachteile-von-bruchteilseigentum-an-immobilien\/\">Die Vor- und Nachteile von Bruchteilseigentum an Immobilien<\/a>\n\t\t\t<\/li>\n\t\t\t<\/ul>\n<\/div>","protected":false},"excerpt":{"rendered":"<p>Wollen Sie eine Immobilie zur Vermietung anbieten, diese ist jedoch noch renovierungsbed\u00fcrftig? Haben Sie den perfekten Mieter gefunden, aber dieser m\u00f6chte noch gerne \u00c4nderungen vornehmen? Sind Sie mit \u00c4nderungen an dem Mietobjekt einverstanden, haben jedoch momentan nicht die finanziellen Mittel, diese selber vorzunehmen? Haben Sie sich schon \u00fcberlegt, ob eine Reduzierung der Miete gegen Arbeit [&hellip;]<\/p>\n","protected":false},"author":1,"featured_media":0,"comment_status":"closed","ping_status":"closed","sticky":false,"template":"","format":"standard","meta":{"footnotes":""},"categories":[172],"tags":[218],"class_list":["post-7013","post","type-post","status-publish","format-standard","hentry","category-basics","tag-miete"],"yoast_head":"<!-- This site is optimized with the Yoast SEO plugin v27.4 - https:\/\/yoast.com\/product\/yoast-seo-wordpress\/ -->\n<title>Reduzierung der Miete gegen Arbeit: Was Sie wissen m\u00fcssen - Rentila<\/title>\n<meta name=\"description\" content=\"Reduzierung der Miete gegen Arbeit: Was Sie wissen m\u00fcssen - Rentila - Eigentumsmanagement-Blog f\u00fcr Vermieter\" \/>\n<meta name=\"robots\" content=\"index, follow, max-snippet:-1, max-image-preview:large, max-video-preview:-1\" \/>\n<link rel=\"canonical\" href=\"https:\/\/www.rentila.de\/blog\/reduzierung-der-miete-gegen-arbeit-was-sie-wissen-muessen\/\" \/>\n<meta property=\"og:locale\" content=\"de_DE\" \/>\n<meta property=\"og:type\" content=\"article\" \/>\n<meta property=\"og:title\" content=\"Reduzierung der Miete gegen Arbeit: Was Sie wissen m\u00fcssen - Rentila\" \/>\n<meta property=\"og:description\" content=\"Reduzierung der Miete gegen Arbeit: Was Sie wissen m\u00fcssen - Rentila - Eigentumsmanagement-Blog f\u00fcr Vermieter\" \/>\n<meta property=\"og:url\" content=\"https:\/\/www.rentila.de\/blog\/reduzierung-der-miete-gegen-arbeit-was-sie-wissen-muessen\/\" \/>\n<meta property=\"og:site_name\" content=\"Rentila - Eigentumsmanagement-Blog f\u00fcr Vermieter\" \/>\n<meta property=\"article:published_time\" content=\"2019-09-01T21:16:37+00:00\" \/>\n<meta property=\"article:modified_time\" content=\"2025-11-12T20:49:04+00:00\" \/>\n<meta property=\"og:image\" content=\"https:\/\/www.rentila.de\/blog\/wp-content\/uploads\/2010\/08\/newspaper.png\" \/>\n\t<meta property=\"og:image:width\" content=\"150\" \/>\n\t<meta property=\"og:image:height\" content=\"150\" \/>\n\t<meta property=\"og:image:type\" content=\"image\/png\" \/>\n<meta name=\"author\" content=\"Rentila\" \/>\n<meta name=\"twitter:card\" content=\"summary_large_image\" \/>\n<meta name=\"twitter:label1\" content=\"Verfasst von\" \/>\n\t<meta name=\"twitter:data1\" content=\"Rentila\" \/>\n\t<meta name=\"twitter:label2\" content=\"Gesch\u00e4tzte Lesezeit\" \/>\n\t<meta name=\"twitter:data2\" content=\"7\u00a0Minuten\" \/>\n<script type=\"application\/ld+json\" class=\"yoast-schema-graph\">{\"@context\":\"https:\\\/\\\/schema.org\",\"@graph\":[{\"@type\":\"Article\",\"@id\":\"https:\\\/\\\/www.rentila.de\\\/blog\\\/reduzierung-der-miete-gegen-arbeit-was-sie-wissen-muessen\\\/#article\",\"isPartOf\":{\"@id\":\"https:\\\/\\\/www.rentila.de\\\/blog\\\/reduzierung-der-miete-gegen-arbeit-was-sie-wissen-muessen\\\/\"},\"author\":{\"name\":\"Rentila\",\"@id\":\"https:\\\/\\\/www.rentila.de\\\/blog\\\/#\\\/schema\\\/person\\\/cd3ee2693c194df93db408ccc6b1a838\"},\"headline\":\"Reduzierung der Miete gegen Arbeit: Was Sie wissen m\u00fcssen\",\"datePublished\":\"2019-09-01T21:16:37+00:00\",\"dateModified\":\"2025-11-12T20:49:04+00:00\",\"mainEntityOfPage\":{\"@id\":\"https:\\\/\\\/www.rentila.de\\\/blog\\\/reduzierung-der-miete-gegen-arbeit-was-sie-wissen-muessen\\\/\"},\"wordCount\":1160,\"image\":{\"@id\":\"https:\\\/\\\/www.rentila.de\\\/blog\\\/reduzierung-der-miete-gegen-arbeit-was-sie-wissen-muessen\\\/#primaryimage\"},\"thumbnailUrl\":\"https:\\\/\\\/www.rentila.de\\\/assets\\\/img\\\/blog\\\/blog_renovation.png\",\"keywords\":[\"Miete\"],\"articleSection\":[\"Grundlagen\"],\"inLanguage\":\"de\"},{\"@type\":\"WebPage\",\"@id\":\"https:\\\/\\\/www.rentila.de\\\/blog\\\/reduzierung-der-miete-gegen-arbeit-was-sie-wissen-muessen\\\/\",\"url\":\"https:\\\/\\\/www.rentila.de\\\/blog\\\/reduzierung-der-miete-gegen-arbeit-was-sie-wissen-muessen\\\/\",\"name\":\"Reduzierung der Miete gegen Arbeit: Was Sie wissen m\u00fcssen - Rentila\",\"isPartOf\":{\"@id\":\"https:\\\/\\\/www.rentila.de\\\/blog\\\/#website\"},\"primaryImageOfPage\":{\"@id\":\"https:\\\/\\\/www.rentila.de\\\/blog\\\/reduzierung-der-miete-gegen-arbeit-was-sie-wissen-muessen\\\/#primaryimage\"},\"image\":{\"@id\":\"https:\\\/\\\/www.rentila.de\\\/blog\\\/reduzierung-der-miete-gegen-arbeit-was-sie-wissen-muessen\\\/#primaryimage\"},\"thumbnailUrl\":\"https:\\\/\\\/www.rentila.de\\\/assets\\\/img\\\/blog\\\/blog_renovation.png\",\"datePublished\":\"2019-09-01T21:16:37+00:00\",\"dateModified\":\"2025-11-12T20:49:04+00:00\",\"author\":{\"@id\":\"https:\\\/\\\/www.rentila.de\\\/blog\\\/#\\\/schema\\\/person\\\/cd3ee2693c194df93db408ccc6b1a838\"},\"description\":\"Reduzierung der Miete gegen Arbeit: Was Sie wissen m\u00fcssen - Rentila - Eigentumsmanagement-Blog f\u00fcr Vermieter\",\"breadcrumb\":{\"@id\":\"https:\\\/\\\/www.rentila.de\\\/blog\\\/reduzierung-der-miete-gegen-arbeit-was-sie-wissen-muessen\\\/#breadcrumb\"},\"inLanguage\":\"de\",\"potentialAction\":[{\"@type\":\"ReadAction\",\"target\":[\"https:\\\/\\\/www.rentila.de\\\/blog\\\/reduzierung-der-miete-gegen-arbeit-was-sie-wissen-muessen\\\/\"]}]},{\"@type\":\"ImageObject\",\"inLanguage\":\"de\",\"@id\":\"https:\\\/\\\/www.rentila.de\\\/blog\\\/reduzierung-der-miete-gegen-arbeit-was-sie-wissen-muessen\\\/#primaryimage\",\"url\":\"https:\\\/\\\/www.rentila.de\\\/assets\\\/img\\\/blog\\\/blog_renovation.png\",\"contentUrl\":\"https:\\\/\\\/www.rentila.de\\\/assets\\\/img\\\/blog\\\/blog_renovation.png\"},{\"@type\":\"BreadcrumbList\",\"@id\":\"https:\\\/\\\/www.rentila.de\\\/blog\\\/reduzierung-der-miete-gegen-arbeit-was-sie-wissen-muessen\\\/#breadcrumb\",\"itemListElement\":[{\"@type\":\"ListItem\",\"position\":1,\"name\":\"Accueil\",\"item\":\"https:\\\/\\\/www.rentila.de\\\/blog\\\/\"},{\"@type\":\"ListItem\",\"position\":2,\"name\":\"Reduzierung der Miete gegen Arbeit: Was Sie wissen m\u00fcssen\"}]},{\"@type\":\"WebSite\",\"@id\":\"https:\\\/\\\/www.rentila.de\\\/blog\\\/#website\",\"url\":\"https:\\\/\\\/www.rentila.de\\\/blog\\\/\",\"name\":\"Rentila - Eigentumsmanagement-Blog f\u00fcr Vermieter\",\"description\":\"\",\"potentialAction\":[{\"@type\":\"SearchAction\",\"target\":{\"@type\":\"EntryPoint\",\"urlTemplate\":\"https:\\\/\\\/www.rentila.de\\\/blog\\\/?s={search_term_string}\"},\"query-input\":{\"@type\":\"PropertyValueSpecification\",\"valueRequired\":true,\"valueName\":\"search_term_string\"}}],\"inLanguage\":\"de\"},{\"@type\":\"Person\",\"@id\":\"https:\\\/\\\/www.rentila.de\\\/blog\\\/#\\\/schema\\\/person\\\/cd3ee2693c194df93db408ccc6b1a838\",\"name\":\"Rentila\",\"url\":\"https:\\\/\\\/www.rentila.de\\\/blog\\\/author\\\/admin\\\/\"}]}<\/script>\n<!-- \/ Yoast SEO plugin. -->","yoast_head_json":{"title":"Reduzierung der Miete gegen Arbeit: Was Sie wissen m\u00fcssen - Rentila","description":"Reduzierung der Miete gegen Arbeit: Was Sie wissen m\u00fcssen - Rentila - Eigentumsmanagement-Blog f\u00fcr Vermieter","robots":{"index":"index","follow":"follow","max-snippet":"max-snippet:-1","max-image-preview":"max-image-preview:large","max-video-preview":"max-video-preview:-1"},"canonical":"https:\/\/www.rentila.de\/blog\/reduzierung-der-miete-gegen-arbeit-was-sie-wissen-muessen\/","og_locale":"de_DE","og_type":"article","og_title":"Reduzierung der Miete gegen Arbeit: Was Sie wissen m\u00fcssen - Rentila","og_description":"Reduzierung der Miete gegen Arbeit: Was Sie wissen m\u00fcssen - Rentila - Eigentumsmanagement-Blog f\u00fcr Vermieter","og_url":"https:\/\/www.rentila.de\/blog\/reduzierung-der-miete-gegen-arbeit-was-sie-wissen-muessen\/","og_site_name":"Rentila - Eigentumsmanagement-Blog f\u00fcr Vermieter","article_published_time":"2019-09-01T21:16:37+00:00","article_modified_time":"2025-11-12T20:49:04+00:00","og_image":[{"width":150,"height":150,"url":"https:\/\/www.rentila.de\/blog\/wp-content\/uploads\/2010\/08\/newspaper.png","type":"image\/png"}],"author":"Rentila","twitter_card":"summary_large_image","twitter_misc":{"Verfasst von":"Rentila","Gesch\u00e4tzte Lesezeit":"7\u00a0Minuten"},"schema":{"@context":"https:\/\/schema.org","@graph":[{"@type":"Article","@id":"https:\/\/www.rentila.de\/blog\/reduzierung-der-miete-gegen-arbeit-was-sie-wissen-muessen\/#article","isPartOf":{"@id":"https:\/\/www.rentila.de\/blog\/reduzierung-der-miete-gegen-arbeit-was-sie-wissen-muessen\/"},"author":{"name":"Rentila","@id":"https:\/\/www.rentila.de\/blog\/#\/schema\/person\/cd3ee2693c194df93db408ccc6b1a838"},"headline":"Reduzierung der Miete gegen Arbeit: Was Sie wissen m\u00fcssen","datePublished":"2019-09-01T21:16:37+00:00","dateModified":"2025-11-12T20:49:04+00:00","mainEntityOfPage":{"@id":"https:\/\/www.rentila.de\/blog\/reduzierung-der-miete-gegen-arbeit-was-sie-wissen-muessen\/"},"wordCount":1160,"image":{"@id":"https:\/\/www.rentila.de\/blog\/reduzierung-der-miete-gegen-arbeit-was-sie-wissen-muessen\/#primaryimage"},"thumbnailUrl":"https:\/\/www.rentila.de\/assets\/img\/blog\/blog_renovation.png","keywords":["Miete"],"articleSection":["Grundlagen"],"inLanguage":"de"},{"@type":"WebPage","@id":"https:\/\/www.rentila.de\/blog\/reduzierung-der-miete-gegen-arbeit-was-sie-wissen-muessen\/","url":"https:\/\/www.rentila.de\/blog\/reduzierung-der-miete-gegen-arbeit-was-sie-wissen-muessen\/","name":"Reduzierung der Miete gegen Arbeit: Was Sie wissen m\u00fcssen - Rentila","isPartOf":{"@id":"https:\/\/www.rentila.de\/blog\/#website"},"primaryImageOfPage":{"@id":"https:\/\/www.rentila.de\/blog\/reduzierung-der-miete-gegen-arbeit-was-sie-wissen-muessen\/#primaryimage"},"image":{"@id":"https:\/\/www.rentila.de\/blog\/reduzierung-der-miete-gegen-arbeit-was-sie-wissen-muessen\/#primaryimage"},"thumbnailUrl":"https:\/\/www.rentila.de\/assets\/img\/blog\/blog_renovation.png","datePublished":"2019-09-01T21:16:37+00:00","dateModified":"2025-11-12T20:49:04+00:00","author":{"@id":"https:\/\/www.rentila.de\/blog\/#\/schema\/person\/cd3ee2693c194df93db408ccc6b1a838"},"description":"Reduzierung der Miete gegen Arbeit: Was Sie wissen m\u00fcssen - Rentila - Eigentumsmanagement-Blog f\u00fcr Vermieter","breadcrumb":{"@id":"https:\/\/www.rentila.de\/blog\/reduzierung-der-miete-gegen-arbeit-was-sie-wissen-muessen\/#breadcrumb"},"inLanguage":"de","potentialAction":[{"@type":"ReadAction","target":["https:\/\/www.rentila.de\/blog\/reduzierung-der-miete-gegen-arbeit-was-sie-wissen-muessen\/"]}]},{"@type":"ImageObject","inLanguage":"de","@id":"https:\/\/www.rentila.de\/blog\/reduzierung-der-miete-gegen-arbeit-was-sie-wissen-muessen\/#primaryimage","url":"https:\/\/www.rentila.de\/assets\/img\/blog\/blog_renovation.png","contentUrl":"https:\/\/www.rentila.de\/assets\/img\/blog\/blog_renovation.png"},{"@type":"BreadcrumbList","@id":"https:\/\/www.rentila.de\/blog\/reduzierung-der-miete-gegen-arbeit-was-sie-wissen-muessen\/#breadcrumb","itemListElement":[{"@type":"ListItem","position":1,"name":"Accueil","item":"https:\/\/www.rentila.de\/blog\/"},{"@type":"ListItem","position":2,"name":"Reduzierung der Miete gegen Arbeit: Was Sie wissen m\u00fcssen"}]},{"@type":"WebSite","@id":"https:\/\/www.rentila.de\/blog\/#website","url":"https:\/\/www.rentila.de\/blog\/","name":"Rentila - Eigentumsmanagement-Blog f\u00fcr Vermieter","description":"","potentialAction":[{"@type":"SearchAction","target":{"@type":"EntryPoint","urlTemplate":"https:\/\/www.rentila.de\/blog\/?s={search_term_string}"},"query-input":{"@type":"PropertyValueSpecification","valueRequired":true,"valueName":"search_term_string"}}],"inLanguage":"de"},{"@type":"Person","@id":"https:\/\/www.rentila.de\/blog\/#\/schema\/person\/cd3ee2693c194df93db408ccc6b1a838","name":"Rentila","url":"https:\/\/www.rentila.de\/blog\/author\/admin\/"}]}},"_links":{"self":[{"href":"https:\/\/www.rentila.de\/blog\/wp-json\/wp\/v2\/posts\/7013","targetHints":{"allow":["GET"]}}],"collection":[{"href":"https:\/\/www.rentila.de\/blog\/wp-json\/wp\/v2\/posts"}],"about":[{"href":"https:\/\/www.rentila.de\/blog\/wp-json\/wp\/v2\/types\/post"}],"author":[{"embeddable":true,"href":"https:\/\/www.rentila.de\/blog\/wp-json\/wp\/v2\/users\/1"}],"replies":[{"embeddable":true,"href":"https:\/\/www.rentila.de\/blog\/wp-json\/wp\/v2\/comments?post=7013"}],"version-history":[{"count":14,"href":"https:\/\/www.rentila.de\/blog\/wp-json\/wp\/v2\/posts\/7013\/revisions"}],"predecessor-version":[{"id":19887,"href":"https:\/\/www.rentila.de\/blog\/wp-json\/wp\/v2\/posts\/7013\/revisions\/19887"}],"wp:attachment":[{"href":"https:\/\/www.rentila.de\/blog\/wp-json\/wp\/v2\/media?parent=7013"}],"wp:term":[{"taxonomy":"category","embeddable":true,"href":"https:\/\/www.rentila.de\/blog\/wp-json\/wp\/v2\/categories?post=7013"},{"taxonomy":"post_tag","embeddable":true,"href":"https:\/\/www.rentila.de\/blog\/wp-json\/wp\/v2\/tags?post=7013"}],"curies":[{"name":"wp","href":"https:\/\/api.w.org\/{rel}","templated":true}]}}