{"id":7149,"date":"2020-02-22T22:44:46","date_gmt":"2020-02-22T20:44:46","guid":{"rendered":"https:\/\/www.rentila.de\/blog\/?p=7149"},"modified":"2020-02-22T22:45:33","modified_gmt":"2020-02-22T20:45:33","slug":"die-versteckten-kosten-fuer-einen-vermieter","status":"publish","type":"post","link":"https:\/\/www.rentila.de\/blog\/die-versteckten-kosten-fuer-einen-vermieter\/","title":{"rendered":"Die versteckten Kosten f\u00fcr einen Vermieter"},"content":{"rendered":"<div><img decoding=\"async\" class=\"alignleft size-full wp-image-516\" title=\"newspaper\" src=\"https:\/\/www.rentila.de\/assets\/img\/blog\/blog_problems_1.png\" alt=\"Ihre Immobilie selbstst\u00e4ndig verwalten oder eine Hausverwaltung beauftragen?\" width=\"100%\" height=\"\"\/><\/div>\n<div class=\"sommaire\">\n<div class=\"phase-content__flag phase-1\">Zusammenfassung<\/div>\n<ol>\n<li><a href=\"https:\/\/www.rentila.de\/blog\/die-versteckten-kosten-fuer-einen-vermieter\/#1\">Anf\u00e4ngliche Kosten<\/a><\/li>\n<li><a href=\"https:\/\/www.rentila.de\/blog\/die-versteckten-kosten-fuer-einen-vermieter\/#2\">Laufende Kosten<\/a><\/li>\n<li><a href=\"https:\/\/www.rentila.de\/blog\/die-versteckten-kosten-fuer-einen-vermieter\/#3\">H\u00e4ufige Probleme, auf die Sie achten sollten<\/a><\/li>\n<\/ol>\n<\/div>\n\n\n<p class=\"lead\">Ein guter Vermieter zu sein bedeutet mehr, als nur die Miete zu beziehen. Als Vermieter muss man f\u00fcr das Unvorhersehbare planen k\u00f6nnen. Erfahren Sie mehr \u00fcber die versteckten Kosten und h\u00e4ufige Fehler bei der Vermietung einer Wohnung oder eines Hauses.<\/p>\n\n\n<p><!--more--><\/p>\n\n\n<h2 class=\"wp-block-heading\" id=\"1\">Anf\u00e4ngliche Kosten<\/h2>\n\n\n\n<p>Es klingt simpel. Miete abz\u00fcglich Darlehensabzahlungen und Steuern ergibt Ihre Netto-Mieteinnahmen. Jedoch gibt es mehr Kosten, die Sie beachten m\u00fcssen, wenn Sie anfangen, als Vermieter t\u00e4tig zu werden. Wenn Sie sich auf diese versteckten Kosten konzentrieren, erh\u00f6hen Sie Ihre Chancen auf einen erfolgreichen Start als Vermieter drastisch.<\/p>\n\n\n\n<h3 class=\"wp-block-heading\">Hausverwaltung<\/h3>\n\n\n\n<p>Die Inanspruchnahme einer Hausverwaltung kann Ihnen viel Zeit und Nerven sparen. Sie hat jedoch auch ihren Preis. Im Regelfall f\u00e4llt ein <strong>monatlicher Fixbertrag pro Wohneinheit<\/strong> an. F\u00fcr die <strong>WEG-Verwaltung<\/strong> liegt dieser je nach Region und Gr\u00f6\u00dfe der Anlage <strong>pro Einheit und Monat zwischen 18 Euro und 30 Euro netto<\/strong>. Bei <strong>Mietsh\u00e4usern <\/strong>fallen <strong>pro Einheit und Monat zwischen 20 Euro und 26 Euro netto<\/strong> an. M\u00f6glich ist auch die Zahlung eines <strong>prozentualen Anteils der Kaltmiete<\/strong>, welcher in der Regel zischen <strong>5% und 6%<\/strong> liegt. Letztlich gilt, dass eine professionelle Verwaltung mit guten administrativen F\u00e4higkeiten, gutem Personal und guter Erreichbarket mehr kostet. Diese Mehrkosten k\u00f6nnen sich jedoch lohnen.<\/p>\n\n\n\n<h3 class=\"wp-block-heading\">Makler<\/h3>\n\n\n\n<p>Eventuell m\u00f6chten Sie auch mit einem Immobilienmakler zusammenarbeiten, welcher die Suche nach geeigneten Mietern f\u00fcr Sie \u00fcbernimmt. Durch die Beauftragung eines Immobilienmaklers k\u00f6nnen Sie viel Zeit sparen. Zudem erh\u00f6ht die Erfahrung eines Maklers die Chance, zuverl\u00e4ssige und zahlungskr\u00e4ftige Mieter zu finden. Ein Makler kostet jedoch auch. Die Maklerprovision liegt f\u00fcr Vermieter in der Regel <strong>zwischen 1,5 und 2 Nettokaltmieten zuz\u00fcglich Mehrwertsteuer<\/strong>. <\/p>\n\n\n\n<h3 class=\"wp-block-heading\">Brandschutz<\/h3>\n\n\n\n<p>Vergessen Sie nicht, alle Notwendigen Vorkehrungen hinsichtlich des Brandschutzes Ihrer Immobilien zu treffen. Installieren Sie die notwendigen <strong>Feuermelder <\/strong>und stellen Sie sicher, dass <strong>keine leicht entflammbaren Baustoffe<\/strong> beim Bau verwendet wurden sowie <strong>mindestens 2 Rettungswege<\/strong> bestehen. Kommen Sie als Vermieter der Verplfichtung f\u00fcr einen ausreichenden Brandschutz nicht nach, kann dies zu einer Mietminderung berechtigen. Zudem k\u00f6nnte die zust\u00e4ndige Beh\u00f6rde die Nutzung des Mietobjektes untersagen. Bei einer Gesundheitsgef\u00e4hrung des Mieters kann ein Recht zur fristlosen K\u00fcndigung seitens des Mieters entstehen. Und falls es zu einem Brand kommt, haften Sie als Vermieter.<\/p>\n\n\n\n<h3 class=\"wp-block-heading\">Vermieterverein<\/h3>\n\n\n\n<p>Sie sollten sich auch \u00fcberlegen, ob es f\u00fcr Sie Sinn macht, einem Vermieterverein beizutreten. Ein Vermieterverein hilft Ihnen bei miet- und eigentumsbezogenen Fragen, bietet Ihnen einen kostenlosen oder stark erm\u00e4\u00dfigten Zugriff auch rechtliche Informationen, und stellt Ihnen Vordrucke f\u00fcr die Vermietung wie Mietvertragsformulare und Musterschreiben zur Verf\u00fcgung.<\/p>\n\n\n\n<h3 class=\"wp-block-heading\">Inserate<\/h3>\n\n\n\n<p>Der Vorteil, einen Immobilienmakler zu beauftragen liegt darin, dass auf Sie keine weiteren Kosten f\u00fcr die Inserierung Ihrer Mietobjekte zukommen. Falls Sie sich gegen einen Makler entschieden haben, m\u00fcssen Sie die Kosten f\u00fcr die Inserierung Ihrer Mietobjekte beachte. Sie k\u00f6nnen hierbei kostenpflichtige <strong>Webseiten <\/strong>oder kostenlos die <strong>sozialen Medien<\/strong> benutzen. Oder versuchen Sie es klassisch mit <strong>Zeitungsanzeigen <\/strong>oder <strong>Aush\u00e4ngen in lokalen Gesch\u00e4ften<\/strong>.<\/p>\n\n\n\n<p>Ein Bereich, bei dem es sich lohnt, Geld zu investieren, sind die Fotos. \u00dcberlegen Sie sich, ob es sich f\u00fcr die Vermietung Ihrer Immobilien lohnt, einen <strong>Immobilien-Fotografen<\/strong> zu engagieren. Laut AKA f\u00fchren professionelle Fotots zu einer Wertsteigerung von bis zu 20%.<\/p>\n\n\n\n<h2 class=\"wp-block-heading\" id=\"2\">Laufende Kosten<\/h2>\n\n\n\n<p>Neben den anf\u00e4nglichen Kosten m\u00fcssen Sie auch diverse laufende Kosten beachten.<\/p>\n\n\n\n<h3 class=\"wp-block-heading\">Steuern<\/h3>\n\n\n\n<p>Eine der Hauptkosten sind Steuern auf Mieteinnahmen gem\u00e4\u00df \u00a7 21 Einkommenssteuergesetz (EStG). Sie m\u00fcssen Steuern f\u00fcr die <strong>Kaltmiete <\/strong>als auch f\u00fcr <strong>Nebenkosten <\/strong>zahlen, wobei die Nebenkosten bez\u00fcglich der Hausverwaltung und der Grundsteuer von Ihren Einnahmen abgezogen werden k\u00f6nnen.<\/p>\n\n\n\n<p>Sie sind ab einem <strong>Gesamteinkommen <\/strong>von <strong>8.820 Euro<\/strong> (als <strong>ledige <\/strong>Person) beziehungsweise <strong>17.640 Euro<\/strong> (als <strong>verheiratete <\/strong>Person) steuerpflichtig. Der regul\u00e4re Steuersatz beginnt bei 8.820 Euro und liegt <strong>14%<\/strong>. Dieser Steuersatz erh\u00f6ht sich mit steigendem Einkommen auf <strong>bis zu 42%<\/strong>. Nach \u00a7 32 Abs. 6 EStG steht jedem Elternteil ein Kinderfreibetrag von 3.624\u20ac pro Kind zu.<\/p>\n\n\n\n<p>Folglich sollten Sie monatlich einen entsprechenden Betrag einplanen.<\/p>\n\n\n\n<h3 class=\"wp-block-heading\">Andere regul\u00e4re Kosten<\/h3>\n\n\n\n<p>Andere regul\u00e4re Kosten, die Sie beachten m\u00fcssen, sind Kosten f\u00fcr die Erhaltung Ihres Mietobjektes. Ein neues Dach kann schnell \u00fcber 10.000 Euro kosten. Eventuell haben Sie auch Kosten f\u00fcr die Wartung von Beulern oder die Geb\u00e4udereinigung, die Sie einplanen m\u00fcssen. Vergessen Sie nicht diverse Versicherungen, die f\u00fcr Sie in Betracht kommen. <\/p>\n\n\n\n<h2 class=\"wp-block-heading\" id=\"3\">H\u00e4ufige Probleme, auf die Sie achten sollten<\/h2>\n\n\n\n<p>Neben anf\u00e4nglichen und laufenden Kosten kommen immer wieder kleinere und gr\u00f6\u00dfere Probleme auf, die Ihnen schnell enorme Kosten verursachen k\u00f6nnen. Und diese werden zu einem finanziellen Problem, falls Sie keine entsprechende Vorsorge treffen.<\/p>\n\n\n\n<h3 class=\"wp-block-heading\">Es war ein Unfall<\/h3>\n\n\n\n<p>Normaler Verschlei\u00df ist bei der Bewohnung eines Mietobjektes normal und vorhersehbar. Allerdings kann es schnell zu gr\u00f6\u00dferen Sch\u00e4den kommen, f\u00fcr die ein Mieter zwar haftbar gemacht werden kann, jedoch m\u00fcssen Sie zun\u00e4chst f\u00fcr die Beseitigung des Schadens aufkommen, um Ihr Mietobjekt weiterhin vermieten zu k\u00f6nnen. <\/p>\n\n\n\n<p>Sie k\u00f6nnen allerdings verschiedene Vorkehrungen treffen. Schlie\u00dfen Sie eine <strong>Versicherung <\/strong>ab und legen Sie gen\u00fcgend Geld zur Seite, um auf solche Probleme schnell reagieren zu k\u00f6nnen.<\/p>\n\n\n\n<h3 class=\"wp-block-heading\">Wasserschaden<\/h3>\n\n\n\n<p>Ein Wasserschaden geh\u00f6rt zu den Problemen, die schnell hohe Kosten verursachen k\u00f6nnen. <strong>\u00dcberpr\u00fcfen <\/strong>Sie Ihr <strong>Wassersystem <\/strong>regelm\u00e4\u00dfig und vermeiden Sie hierbei gr\u00f6\u00dfere Sch\u00e4den. Falls Sie Waschmaschinen bereitsstellen, sollten diese in gutem Zustand sein. Es lohnt sich auch, einen guten Kontakt zu einem <strong>Klempner <\/strong>zu pflegen und dessen <strong>Kontaktdaten Ihren Mietern <\/strong>bereitszustellen, sodass diese diesen im Notfall schnell kontaktieren k\u00f6nnen.<\/p>\n\n\n\n<p>Planen Sie auch f\u00fcr unvermeidliche Kosten wie f\u00fcr den <strong>Austausch vom Rohren<\/strong> oder f\u00fcr das Risiko eines von einem Mieter verursachten Wasserschadens.<\/p>\n\n\n\n<h3 class=\"wp-block-heading\">Das Wetter<\/h3>\n\n\n\n<p>Beachten Sie auch Wettersch\u00e4den wie im Falle von \u00dcberflutungen oder Sturmsch\u00e4den, die zu zerbrochenen Fensterns oder gar der Neudeckung eines Daches f\u00fchren k\u00f6nnen.<\/p>\n\n\n\n<p>Sie k\u00f6nnen auch hier Vorkehrungen treffen wie die regelm\u00e4\u00dfige \u00dcberpr\u00fcfung Ihres Daches. Hierdurch vermeiden Sie Folgesch\u00e4den.<\/p>\n\n\n\n<h3 class=\"wp-block-heading\">Brandsch\u00e4den<\/h3>\n\n\n\n<p>Sorgen Sie auch so gut wie m\u00f6glich f\u00fcr Brandsch\u00e4den vor. Stellen Sie sicher, dass elektrische Leitungen schadensfrei sind, schlie\u00dfen Sie eine Versicherung ab, und informieren Sie Ihre Mieter, wie diese Br\u00e4nden vorbeugen k\u00f6nnen. Stellen Sie auch sicher, dass Ihren Mietern klar ist, dass diese bei Fahrl\u00e4ssigkeit (und Vorsatz) selbst haften.<\/p>\n\n\n\n<h3 class=\"wp-block-heading\">Vandalismus<\/h3>\n\n\n\n<p>Schlie\u00dflich k\u00f6nnten Ihnen Kosten durch Vandalismus entstehen. G\u00e4ngige Pr\u00e4ventionsma\u00dfnahmen sind ein gutes und modernes Alarmsystem sowie gut gesch\u00fctzte T\u00fcren und Fenster. Dies erh\u00f6ht auch den Wert Ihres Mietobjektes.<\/p>\n\n\n\n<p>Stellen Sie auch sicher, dass Sie vertrauensw\u00fcrdige Mieter haben, um das Risiko von Vandalismus zu verringern. <\/p>\n","protected":false},"excerpt":{"rendered":"<p>Zusammenfassung Anf\u00e4ngliche Kosten Laufende Kosten H\u00e4ufige Probleme, auf die Sie achten sollten Ein guter Vermieter zu sein bedeutet mehr, als nur die Miete zu beziehen. Als Vermieter muss man f\u00fcr das Unvorhersehbare planen k\u00f6nnen. Erfahren Sie mehr \u00fcber die versteckten Kosten und h\u00e4ufige Fehler bei der Vermietung einer Wohnung oder eines Hauses.<\/p>\n","protected":false},"author":1,"featured_media":0,"comment_status":"closed","ping_status":"closed","sticky":false,"template":"","format":"standard","meta":{"footnotes":""},"categories":[4],"tags":[],"class_list":["post-7149","post","type-post","status-publish","format-standard","hentry","category-news"],"yoast_head":"<!-- This site is optimized with the Yoast SEO plugin v27.4 - https:\/\/yoast.com\/product\/yoast-seo-wordpress\/ -->\n<title>Die versteckten Kosten f\u00fcr einen Vermieter - Rentila<\/title>\n<meta name=\"description\" content=\"Die versteckten Kosten f\u00fcr einen Vermieter - Rentila - Eigentumsmanagement-Blog f\u00fcr Vermieter\" \/>\n<meta name=\"robots\" content=\"index, follow, max-snippet:-1, max-image-preview:large, max-video-preview:-1\" \/>\n<link rel=\"canonical\" href=\"https:\/\/www.rentila.de\/blog\/die-versteckten-kosten-fuer-einen-vermieter\/\" \/>\n<meta property=\"og:locale\" content=\"de_DE\" \/>\n<meta property=\"og:type\" content=\"article\" \/>\n<meta property=\"og:title\" content=\"Die versteckten Kosten f\u00fcr einen Vermieter - Rentila\" \/>\n<meta property=\"og:description\" content=\"Die versteckten Kosten f\u00fcr einen Vermieter - Rentila - Eigentumsmanagement-Blog f\u00fcr Vermieter\" \/>\n<meta property=\"og:url\" content=\"https:\/\/www.rentila.de\/blog\/die-versteckten-kosten-fuer-einen-vermieter\/\" \/>\n<meta property=\"og:site_name\" content=\"Rentila - Eigentumsmanagement-Blog f\u00fcr Vermieter\" \/>\n<meta property=\"article:published_time\" content=\"2020-02-22T20:44:46+00:00\" \/>\n<meta property=\"article:modified_time\" content=\"2020-02-22T20:45:33+00:00\" \/>\n<meta property=\"og:image\" content=\"https:\/\/www.rentila.de\/assets\/img\/blog\/locataire_proprio_1_1400.png\" \/>\n<meta name=\"author\" content=\"Rentila\" \/>\n<meta name=\"twitter:card\" content=\"summary_large_image\" \/>\n<meta name=\"twitter:label1\" content=\"Verfasst von\" \/>\n\t<meta name=\"twitter:data1\" content=\"Rentila\" \/>\n\t<meta name=\"twitter:label2\" content=\"Gesch\u00e4tzte Lesezeit\" \/>\n\t<meta name=\"twitter:data2\" content=\"6\u00a0Minuten\" \/>\n<script type=\"application\/ld+json\" class=\"yoast-schema-graph\">{\"@context\":\"https:\\\/\\\/schema.org\",\"@graph\":[{\"@type\":\"Article\",\"@id\":\"https:\\\/\\\/www.rentila.de\\\/blog\\\/die-versteckten-kosten-fuer-einen-vermieter\\\/#article\",\"isPartOf\":{\"@id\":\"https:\\\/\\\/www.rentila.de\\\/blog\\\/die-versteckten-kosten-fuer-einen-vermieter\\\/\"},\"author\":{\"name\":\"Rentila\",\"@id\":\"https:\\\/\\\/www.rentila.de\\\/blog\\\/#\\\/schema\\\/person\\\/cd3ee2693c194df93db408ccc6b1a838\"},\"headline\":\"Die versteckten Kosten f\u00fcr einen Vermieter\",\"datePublished\":\"2020-02-22T20:44:46+00:00\",\"dateModified\":\"2020-02-22T20:45:33+00:00\",\"mainEntityOfPage\":{\"@id\":\"https:\\\/\\\/www.rentila.de\\\/blog\\\/die-versteckten-kosten-fuer-einen-vermieter\\\/\"},\"wordCount\":1110,\"image\":{\"@id\":\"https:\\\/\\\/www.rentila.de\\\/blog\\\/die-versteckten-kosten-fuer-einen-vermieter\\\/#primaryimage\"},\"thumbnailUrl\":\"https:\\\/\\\/www.rentila.de\\\/assets\\\/img\\\/blog\\\/blog_problems_1.png\",\"articleSection\":[\"Immobilien Nachrichten\"],\"inLanguage\":\"de\"},{\"@type\":\"WebPage\",\"@id\":\"https:\\\/\\\/www.rentila.de\\\/blog\\\/die-versteckten-kosten-fuer-einen-vermieter\\\/\",\"url\":\"https:\\\/\\\/www.rentila.de\\\/blog\\\/die-versteckten-kosten-fuer-einen-vermieter\\\/\",\"name\":\"Die versteckten Kosten f\u00fcr einen Vermieter - Rentila\",\"isPartOf\":{\"@id\":\"https:\\\/\\\/www.rentila.de\\\/blog\\\/#website\"},\"primaryImageOfPage\":{\"@id\":\"https:\\\/\\\/www.rentila.de\\\/blog\\\/die-versteckten-kosten-fuer-einen-vermieter\\\/#primaryimage\"},\"image\":{\"@id\":\"https:\\\/\\\/www.rentila.de\\\/blog\\\/die-versteckten-kosten-fuer-einen-vermieter\\\/#primaryimage\"},\"thumbnailUrl\":\"https:\\\/\\\/www.rentila.de\\\/assets\\\/img\\\/blog\\\/blog_problems_1.png\",\"datePublished\":\"2020-02-22T20:44:46+00:00\",\"dateModified\":\"2020-02-22T20:45:33+00:00\",\"author\":{\"@id\":\"https:\\\/\\\/www.rentila.de\\\/blog\\\/#\\\/schema\\\/person\\\/cd3ee2693c194df93db408ccc6b1a838\"},\"description\":\"Die versteckten Kosten f\u00fcr einen Vermieter - Rentila - Eigentumsmanagement-Blog f\u00fcr Vermieter\",\"breadcrumb\":{\"@id\":\"https:\\\/\\\/www.rentila.de\\\/blog\\\/die-versteckten-kosten-fuer-einen-vermieter\\\/#breadcrumb\"},\"inLanguage\":\"de\",\"potentialAction\":[{\"@type\":\"ReadAction\",\"target\":[\"https:\\\/\\\/www.rentila.de\\\/blog\\\/die-versteckten-kosten-fuer-einen-vermieter\\\/\"]}]},{\"@type\":\"ImageObject\",\"inLanguage\":\"de\",\"@id\":\"https:\\\/\\\/www.rentila.de\\\/blog\\\/die-versteckten-kosten-fuer-einen-vermieter\\\/#primaryimage\",\"url\":\"https:\\\/\\\/www.rentila.de\\\/assets\\\/img\\\/blog\\\/blog_problems_1.png\",\"contentUrl\":\"https:\\\/\\\/www.rentila.de\\\/assets\\\/img\\\/blog\\\/blog_problems_1.png\"},{\"@type\":\"BreadcrumbList\",\"@id\":\"https:\\\/\\\/www.rentila.de\\\/blog\\\/die-versteckten-kosten-fuer-einen-vermieter\\\/#breadcrumb\",\"itemListElement\":[{\"@type\":\"ListItem\",\"position\":1,\"name\":\"Accueil\",\"item\":\"https:\\\/\\\/www.rentila.de\\\/blog\\\/\"},{\"@type\":\"ListItem\",\"position\":2,\"name\":\"Die versteckten Kosten f\u00fcr einen Vermieter\"}]},{\"@type\":\"WebSite\",\"@id\":\"https:\\\/\\\/www.rentila.de\\\/blog\\\/#website\",\"url\":\"https:\\\/\\\/www.rentila.de\\\/blog\\\/\",\"name\":\"Rentila - Eigentumsmanagement-Blog f\u00fcr Vermieter\",\"description\":\"\",\"potentialAction\":[{\"@type\":\"SearchAction\",\"target\":{\"@type\":\"EntryPoint\",\"urlTemplate\":\"https:\\\/\\\/www.rentila.de\\\/blog\\\/?s={search_term_string}\"},\"query-input\":{\"@type\":\"PropertyValueSpecification\",\"valueRequired\":true,\"valueName\":\"search_term_string\"}}],\"inLanguage\":\"de\"},{\"@type\":\"Person\",\"@id\":\"https:\\\/\\\/www.rentila.de\\\/blog\\\/#\\\/schema\\\/person\\\/cd3ee2693c194df93db408ccc6b1a838\",\"name\":\"Rentila\",\"url\":\"https:\\\/\\\/www.rentila.de\\\/blog\\\/author\\\/admin\\\/\"}]}<\/script>\n<!-- \/ Yoast SEO plugin. -->","yoast_head_json":{"title":"Die versteckten Kosten f\u00fcr einen Vermieter - Rentila","description":"Die versteckten Kosten f\u00fcr einen Vermieter - Rentila - Eigentumsmanagement-Blog f\u00fcr Vermieter","robots":{"index":"index","follow":"follow","max-snippet":"max-snippet:-1","max-image-preview":"max-image-preview:large","max-video-preview":"max-video-preview:-1"},"canonical":"https:\/\/www.rentila.de\/blog\/die-versteckten-kosten-fuer-einen-vermieter\/","og_locale":"de_DE","og_type":"article","og_title":"Die versteckten Kosten f\u00fcr einen Vermieter - Rentila","og_description":"Die versteckten Kosten f\u00fcr einen Vermieter - Rentila - Eigentumsmanagement-Blog f\u00fcr Vermieter","og_url":"https:\/\/www.rentila.de\/blog\/die-versteckten-kosten-fuer-einen-vermieter\/","og_site_name":"Rentila - Eigentumsmanagement-Blog f\u00fcr Vermieter","article_published_time":"2020-02-22T20:44:46+00:00","article_modified_time":"2020-02-22T20:45:33+00:00","og_image":[{"url":"https:\/\/www.rentila.de\/assets\/img\/blog\/locataire_proprio_1_1400.png","type":"","width":"","height":""}],"author":"Rentila","twitter_card":"summary_large_image","twitter_misc":{"Verfasst von":"Rentila","Gesch\u00e4tzte Lesezeit":"6\u00a0Minuten"},"schema":{"@context":"https:\/\/schema.org","@graph":[{"@type":"Article","@id":"https:\/\/www.rentila.de\/blog\/die-versteckten-kosten-fuer-einen-vermieter\/#article","isPartOf":{"@id":"https:\/\/www.rentila.de\/blog\/die-versteckten-kosten-fuer-einen-vermieter\/"},"author":{"name":"Rentila","@id":"https:\/\/www.rentila.de\/blog\/#\/schema\/person\/cd3ee2693c194df93db408ccc6b1a838"},"headline":"Die versteckten Kosten f\u00fcr einen Vermieter","datePublished":"2020-02-22T20:44:46+00:00","dateModified":"2020-02-22T20:45:33+00:00","mainEntityOfPage":{"@id":"https:\/\/www.rentila.de\/blog\/die-versteckten-kosten-fuer-einen-vermieter\/"},"wordCount":1110,"image":{"@id":"https:\/\/www.rentila.de\/blog\/die-versteckten-kosten-fuer-einen-vermieter\/#primaryimage"},"thumbnailUrl":"https:\/\/www.rentila.de\/assets\/img\/blog\/blog_problems_1.png","articleSection":["Immobilien Nachrichten"],"inLanguage":"de"},{"@type":"WebPage","@id":"https:\/\/www.rentila.de\/blog\/die-versteckten-kosten-fuer-einen-vermieter\/","url":"https:\/\/www.rentila.de\/blog\/die-versteckten-kosten-fuer-einen-vermieter\/","name":"Die versteckten Kosten f\u00fcr einen Vermieter - Rentila","isPartOf":{"@id":"https:\/\/www.rentila.de\/blog\/#website"},"primaryImageOfPage":{"@id":"https:\/\/www.rentila.de\/blog\/die-versteckten-kosten-fuer-einen-vermieter\/#primaryimage"},"image":{"@id":"https:\/\/www.rentila.de\/blog\/die-versteckten-kosten-fuer-einen-vermieter\/#primaryimage"},"thumbnailUrl":"https:\/\/www.rentila.de\/assets\/img\/blog\/blog_problems_1.png","datePublished":"2020-02-22T20:44:46+00:00","dateModified":"2020-02-22T20:45:33+00:00","author":{"@id":"https:\/\/www.rentila.de\/blog\/#\/schema\/person\/cd3ee2693c194df93db408ccc6b1a838"},"description":"Die versteckten Kosten f\u00fcr einen Vermieter - Rentila - Eigentumsmanagement-Blog f\u00fcr Vermieter","breadcrumb":{"@id":"https:\/\/www.rentila.de\/blog\/die-versteckten-kosten-fuer-einen-vermieter\/#breadcrumb"},"inLanguage":"de","potentialAction":[{"@type":"ReadAction","target":["https:\/\/www.rentila.de\/blog\/die-versteckten-kosten-fuer-einen-vermieter\/"]}]},{"@type":"ImageObject","inLanguage":"de","@id":"https:\/\/www.rentila.de\/blog\/die-versteckten-kosten-fuer-einen-vermieter\/#primaryimage","url":"https:\/\/www.rentila.de\/assets\/img\/blog\/blog_problems_1.png","contentUrl":"https:\/\/www.rentila.de\/assets\/img\/blog\/blog_problems_1.png"},{"@type":"BreadcrumbList","@id":"https:\/\/www.rentila.de\/blog\/die-versteckten-kosten-fuer-einen-vermieter\/#breadcrumb","itemListElement":[{"@type":"ListItem","position":1,"name":"Accueil","item":"https:\/\/www.rentila.de\/blog\/"},{"@type":"ListItem","position":2,"name":"Die versteckten Kosten f\u00fcr einen Vermieter"}]},{"@type":"WebSite","@id":"https:\/\/www.rentila.de\/blog\/#website","url":"https:\/\/www.rentila.de\/blog\/","name":"Rentila - Eigentumsmanagement-Blog f\u00fcr Vermieter","description":"","potentialAction":[{"@type":"SearchAction","target":{"@type":"EntryPoint","urlTemplate":"https:\/\/www.rentila.de\/blog\/?s={search_term_string}"},"query-input":{"@type":"PropertyValueSpecification","valueRequired":true,"valueName":"search_term_string"}}],"inLanguage":"de"},{"@type":"Person","@id":"https:\/\/www.rentila.de\/blog\/#\/schema\/person\/cd3ee2693c194df93db408ccc6b1a838","name":"Rentila","url":"https:\/\/www.rentila.de\/blog\/author\/admin\/"}]}},"_links":{"self":[{"href":"https:\/\/www.rentila.de\/blog\/wp-json\/wp\/v2\/posts\/7149","targetHints":{"allow":["GET"]}}],"collection":[{"href":"https:\/\/www.rentila.de\/blog\/wp-json\/wp\/v2\/posts"}],"about":[{"href":"https:\/\/www.rentila.de\/blog\/wp-json\/wp\/v2\/types\/post"}],"author":[{"embeddable":true,"href":"https:\/\/www.rentila.de\/blog\/wp-json\/wp\/v2\/users\/1"}],"replies":[{"embeddable":true,"href":"https:\/\/www.rentila.de\/blog\/wp-json\/wp\/v2\/comments?post=7149"}],"version-history":[{"count":2,"href":"https:\/\/www.rentila.de\/blog\/wp-json\/wp\/v2\/posts\/7149\/revisions"}],"predecessor-version":[{"id":7153,"href":"https:\/\/www.rentila.de\/blog\/wp-json\/wp\/v2\/posts\/7149\/revisions\/7153"}],"wp:attachment":[{"href":"https:\/\/www.rentila.de\/blog\/wp-json\/wp\/v2\/media?parent=7149"}],"wp:term":[{"taxonomy":"category","embeddable":true,"href":"https:\/\/www.rentila.de\/blog\/wp-json\/wp\/v2\/categories?post=7149"},{"taxonomy":"post_tag","embeddable":true,"href":"https:\/\/www.rentila.de\/blog\/wp-json\/wp\/v2\/tags?post=7149"}],"curies":[{"name":"wp","href":"https:\/\/api.w.org\/{rel}","templated":true}]}}